{"id":22692,"date":"2025-06-04T14:17:53","date_gmt":"2025-06-04T14:17:53","guid":{"rendered":"http:\/\/staging.ibermusicas.org\/?p=22692"},"modified":"2025-06-04T14:17:53","modified_gmt":"2025-06-04T14:17:53","slug":"yuly-alexandra-pinzon-casallas-de-colombia-inicia-su-residencia-de-investigacion-el-silencio-la-parte-femenina-de-la-musica-en-mexico","status":"publish","type":"post","link":"http:\/\/staging.ibermusicas.org\/index.php\/yuly-alexandra-pinzon-casallas-de-colombia-inicia-su-residencia-de-investigacion-el-silencio-la-parte-femenina-de-la-musica-en-mexico\/","title":{"rendered":"Yuly Alexandra Pinz\u00f3n Casallas de Colombia, inicia su Residencia de Investigaci\u00f3n \u201cEl Silencio, la parte femenina de la m\u00fasica\u201d en M\u00e9xico"},"content":{"rendered":"<p>La licenciada en m\u00fasica, bandolista, docente e investigadora colombiana Yuly Alexandra Pinz\u00f3n Casallas inicia su estancia trimestral de investigaci\u00f3n e intercambio art\u00edstico en la Pen\u00ednsula de Yucat\u00e1n con la finalidad de documentar la participaci\u00f3n de las mujeres compositoras e int\u00e9rpretes de la trova yucateca y la Jarana en el territorio maya peninsular de los periodos correspondientes a la segunda mitad del siglo XX hasta la actualidad. Este trabajo se llevar\u00e1 a cabo junto con la coordinaci\u00f3n de la carrera de \u201cGesti\u00f3n y Desarrollo de las Artes de la Universidad Intercultural Maya de Quintana Roo\u201d y el colectivo \u201cNarrativas desde la Mayanidad\u201d, movimiento cultural que agrupa artistas, comunicadores, colectivos e integrantes de base comunitaria.<\/p>\n<p>El resultado del trabajo se difundir\u00e1 y socializar\u00e1 con la comunidad universitaria y centros educativos vinculados, aparte de esta y como actividad secundaria, pero no menos importante, a trav\u00e9s de un concierto dialogado se socializar\u00e1 el trabajo investigativo \u201cEl Silencio, la parte femenina de la m\u00fasica\u201d el cual cuenta con m\u00e1s de\u00a0 cuatro a\u00f1os de trayectoria y documenta la presencia de mujeres compositoras e int\u00e9rpretes de bandola, tiple y guitarra en la m\u00fasica andina Colombiana del S. XX, tema que fortalece los lazos de comunicaci\u00f3n e intercambio de conocimientos entre las culturas Mexicana y Colombiana.<\/p>\n<p>Yuly Alexandra Pinz\u00f3n Casallas es licenciada en m\u00fasica de la Universidad Pedag\u00f3gica Nacional de Colombia, con \u00e9nfasis en m\u00fasica andina colombiana e interpretaci\u00f3n de la Bandola. Docente e Investigadora en el campo de la musicolog\u00eda de g\u00e9nero y feminista y de la m\u00fasica tradicional andina colombiana. Cuenta con tres trabajos discogr\u00e1ficos, \u201cYerbabuena\u201d, CD \u00e1lbum doble con la Orquesta Filarm\u00f3nica de M\u00fasica Colombiana, \u201cBandolerias\u201d, con la Orquesta Colombiana de Bandolas, y \u201cPulsos Vitales &#8211; el sentir de las estudiantinas regionales de Colombia\u201d, en el marco del proyecto Programa Presidencial Sonidos para la Construcci\u00f3n de Paz, iniciativa entre el Ministerio de las Culturas, las Artes y los Saberes y el Ministerio de Educaci\u00f3n de Colombia.<\/p>\n<p>Participan tambi\u00e9n del proyecto el maestro en Educaci\u00f3n Intercultural Wildernain Villegas Carrillo, el cantante y fot\u00f3grafo Joel Ricardo Zavala Poot, la maestra en Ciencias en Ecolog\u00eda Humana Cristian Rodr\u00edguez L\u00f3pez y la Universidad Intercultural Maya de Quintana Roo.<\/p>\n<p>Esta residencia de Yuly Alexandra Pinz\u00f3n Casallas, cuenta con el apoyo de Iberm\u00fasicas a trav\u00e9s de su l\u00ednea de \u201cAyuda a artistas e investigadores para residencias\u201d, convocatoria 2024.<\/p>\n","protected":false},"excerpt":{"rendered":"<p>La licenciada en m\u00fasica, bandolista, docente e investigadora colombiana Yuly Alexandra Pinz\u00f3n Casallas inicia su estancia trimestral de investigaci\u00f3n e intercambio art\u00edstico en la Pen\u00ednsula de Yucat\u00e1n con la finalidad de documentar la participaci\u00f3n de las mujeres compositoras e int\u00e9rpretes de la trova yucateca y la Jarana en el territorio maya peninsular de los periodos [&hellip;]<\/p>\n","protected":false},"author":7,"featured_media":22693,"comment_status":"closed","ping_status":"closed","sticky":false,"template":"","format":"standard","meta":{"footnotes":""},"categories":[53,48],"tags":[],"class_list":["post-22692","post","type-post","status-publish","format-standard","has-post-thumbnail","hentry","category-noticias-generales","category-noticias-rotativas"],"lang":"es","translations":{"es":22692,"pt":22695},"pll_sync_post":[],"post_mailing_queue_ids":[],"_links":{"self":[{"href":"http:\/\/staging.ibermusicas.org\/index.php\/wp-json\/wp\/v2\/posts\/22692","targetHints":{"allow":["GET"]}}],"collection":[{"href":"http:\/\/staging.ibermusicas.org\/index.php\/wp-json\/wp\/v2\/posts"}],"about":[{"href":"http:\/\/staging.ibermusicas.org\/index.php\/wp-json\/wp\/v2\/types\/post"}],"author":[{"embeddable":true,"href":"http:\/\/staging.ibermusicas.org\/index.php\/wp-json\/wp\/v2\/users\/7"}],"replies":[{"embeddable":true,"href":"http:\/\/staging.ibermusicas.org\/index.php\/wp-json\/wp\/v2\/comments?post=22692"}],"version-history":[{"count":1,"href":"http:\/\/staging.ibermusicas.org\/index.php\/wp-json\/wp\/v2\/posts\/22692\/revisions"}],"predecessor-version":[{"id":22694,"href":"http:\/\/staging.ibermusicas.org\/index.php\/wp-json\/wp\/v2\/posts\/22692\/revisions\/22694"}],"wp:featuredmedia":[{"embeddable":true,"href":"http:\/\/staging.ibermusicas.org\/index.php\/wp-json\/wp\/v2\/media\/22693"}],"wp:attachment":[{"href":"http:\/\/staging.ibermusicas.org\/index.php\/wp-json\/wp\/v2\/media?parent=22692"}],"wp:term":[{"taxonomy":"category","embeddable":true,"href":"http:\/\/staging.ibermusicas.org\/index.php\/wp-json\/wp\/v2\/categories?post=22692"},{"taxonomy":"post_tag","embeddable":true,"href":"http:\/\/staging.ibermusicas.org\/index.php\/wp-json\/wp\/v2\/tags?post=22692"}],"curies":[{"name":"wp","href":"https:\/\/api.w.org\/{rel}","templated":true}]}}