{"id":22695,"date":"2025-06-04T14:19:37","date_gmt":"2025-06-04T14:19:37","guid":{"rendered":"http:\/\/staging.ibermusicas.org\/?p=22695"},"modified":"2025-06-04T14:19:37","modified_gmt":"2025-06-04T14:19:37","slug":"yuly-alexandra-pinzon-casallas-da-colombia-inicia-sua-residencia-de-pesquisa-o-silencio-a-parte-feminina-da-musica-no-mexico","status":"publish","type":"post","link":"http:\/\/staging.ibermusicas.org\/index.php\/yuly-alexandra-pinzon-casallas-da-colombia-inicia-sua-residencia-de-pesquisa-o-silencio-a-parte-feminina-da-musica-no-mexico\/","title":{"rendered":"Yuly Alexandra Pinz\u00f3n Casallas, da Col\u00f4mbia, inicia sua Resid\u00eancia de Pesquisa \u201cO Sil\u00eancio, a parte feminina da m\u00fasica\u201d no M\u00e9xico"},"content":{"rendered":"<p>A licenciada em m\u00fasica, bandolista, professora e pesquisadora colombiana Yuly Alexandra Pinz\u00f3n Casallas inicia sua estadia trimestral de pesquisa e interc\u00e2mbio art\u00edstico na Pen\u00ednsula de Yucat\u00e1n com o objetivo de documentar a participa\u00e7\u00e3o das mulheres compositoras e int\u00e9rpretes da trova yucateca e da Jarana no territ\u00f3rio maia peninsular, no per\u00edodo correspondente \u00e0 segunda metade do s\u00e9culo XX at\u00e9 os dias atuais. Este trabalho ser\u00e1 realizado em coordena\u00e7\u00e3o com o curso de \u201cGest\u00e3o e Desenvolvimento das Artes da Universidade Intercultural Maia de Quintana Roo\u201d e o coletivo \u201cNarrativas desde la Mayanidad\u201d, movimento cultural que re\u00fane artistas, comunicadores, coletivos e membros da comunidade.<\/p>\n<p>&nbsp;<\/p>\n<p>O resultado do trabalho ser\u00e1 divulgado e socializado com a comunidade universit\u00e1ria e centros educacionais vinculados, al\u00e9m disso e como atividade secund\u00e1ria, mas n\u00e3o menos importante, atrav\u00e9s de um concerto dialogado ser\u00e1 socializado o trabalho de pesquisa \u201cEl Silencio, la parte femenina de la m\u00fasica\u201d (O Sil\u00eancio, a parte feminina da m\u00fasica) que conta com mais de quatro anos de trajet\u00f3ria e documenta a presen\u00e7a de mulheres compositoras e int\u00e9rpretes de bandola, tiple e viol\u00e3o na m\u00fasica andina colombiana do s\u00e9culo XX, tema que fortalece os la\u00e7os de comunica\u00e7\u00e3o e interc\u00e2mbio de conhecimentos entre as culturas mexicana e colombiana.<\/p>\n<p>&nbsp;<\/p>\n<p>Yuly Alexandra Pinz\u00f3n Casallas \u00e9 licenciada em m\u00fasica pela Universidade Pedag\u00f3gica Nacional da Col\u00f4mbia, com \u00eanfase em m\u00fasica andina colombiana e interpreta\u00e7\u00e3o da bandola. Professora e pesquisadora na \u00e1rea de musicologia de g\u00eanero e feminista e da m\u00fasica tradicional andina colombiana. Possui tr\u00eas trabalhos discogr\u00e1ficos, \u201cYerbabuena\u201d, \u00e1lbum duplo em CD com a Orquestra Filarm\u00f4nica de M\u00fasica Colombiana, \u00abBandolerias\u201c, com a Orquestra Colombiana de Bandolas, e \u201dPulsos Vitales &#8211; el sentir de las estudiantinas regionales de Colombia\u00bb, no \u00e2mbito do projeto Programa Presidencial Sonidos para la Construcci\u00f3n de Paz, uma iniciativa do Minist\u00e9rio da Cultura, das Artes e do Conhecimento e do Minist\u00e9rio da Educa\u00e7\u00e3o da Col\u00f4mbia.<\/p>\n<p>&nbsp;<\/p>\n<p>Tamb\u00e9m participam do projeto o mestre em Educa\u00e7\u00e3o Intercultural Wildernain Villegas Carrillo, o cantor e fot\u00f3grafo Joel Ricardo Zavala Poot, a mestre em Ci\u00eancias em Ecologia Humana Cristian Rodr\u00edguez L\u00f3pez e a Universidade Intercultural Maia de Quintana Roo.<\/p>\n<p>&nbsp;<\/p>\n<p>Esta resid\u00eancia de Yuly Alexandra Pinz\u00f3n Casallas conta com o apoio da Iberm\u00fasicas atrav\u00e9s da sua linha \u201cAjuda a artistas e investigadores para resid\u00eancias\u201d, convocat\u00f3ria 2024.<\/p>\n","protected":false},"excerpt":{"rendered":"<p>A licenciada em m\u00fasica, bandolista, professora e pesquisadora colombiana Yuly Alexandra Pinz\u00f3n Casallas inicia sua estadia trimestral de pesquisa e interc\u00e2mbio art\u00edstico na Pen\u00ednsula de Yucat\u00e1n com o objetivo de documentar a participa\u00e7\u00e3o das mulheres compositoras e int\u00e9rpretes da trova yucateca e da Jarana no territ\u00f3rio maia peninsular, no per\u00edodo correspondente \u00e0 segunda metade do [&hellip;]<\/p>\n","protected":false},"author":7,"featured_media":22693,"comment_status":"closed","ping_status":"closed","sticky":false,"template":"","format":"standard","meta":{"footnotes":""},"categories":[218,222],"tags":[],"class_list":["post-22695","post","type-post","status-publish","format-standard","has-post-thumbnail","hentry","category-noticias-generales-pt","category-noticias-rotativas-pt"],"lang":"pt","translations":{"pt":22695,"es":22692},"pll_sync_post":[],"post_mailing_queue_ids":[],"_links":{"self":[{"href":"http:\/\/staging.ibermusicas.org\/index.php\/wp-json\/wp\/v2\/posts\/22695","targetHints":{"allow":["GET"]}}],"collection":[{"href":"http:\/\/staging.ibermusicas.org\/index.php\/wp-json\/wp\/v2\/posts"}],"about":[{"href":"http:\/\/staging.ibermusicas.org\/index.php\/wp-json\/wp\/v2\/types\/post"}],"author":[{"embeddable":true,"href":"http:\/\/staging.ibermusicas.org\/index.php\/wp-json\/wp\/v2\/users\/7"}],"replies":[{"embeddable":true,"href":"http:\/\/staging.ibermusicas.org\/index.php\/wp-json\/wp\/v2\/comments?post=22695"}],"version-history":[{"count":1,"href":"http:\/\/staging.ibermusicas.org\/index.php\/wp-json\/wp\/v2\/posts\/22695\/revisions"}],"predecessor-version":[{"id":22696,"href":"http:\/\/staging.ibermusicas.org\/index.php\/wp-json\/wp\/v2\/posts\/22695\/revisions\/22696"}],"wp:featuredmedia":[{"embeddable":true,"href":"http:\/\/staging.ibermusicas.org\/index.php\/wp-json\/wp\/v2\/media\/22693"}],"wp:attachment":[{"href":"http:\/\/staging.ibermusicas.org\/index.php\/wp-json\/wp\/v2\/media?parent=22695"}],"wp:term":[{"taxonomy":"category","embeddable":true,"href":"http:\/\/staging.ibermusicas.org\/index.php\/wp-json\/wp\/v2\/categories?post=22695"},{"taxonomy":"post_tag","embeddable":true,"href":"http:\/\/staging.ibermusicas.org\/index.php\/wp-json\/wp\/v2\/tags?post=22695"}],"curies":[{"name":"wp","href":"https:\/\/api.w.org\/{rel}","templated":true}]}}