{"id":22697,"date":"2025-06-04T14:21:11","date_gmt":"2025-06-04T14:21:11","guid":{"rendered":"http:\/\/staging.ibermusicas.org\/?p=22697"},"modified":"2025-06-04T14:21:11","modified_gmt":"2025-06-04T14:21:11","slug":"llega-el-podcast-acortando-la-brecha-mujeres-y-disidencias-de-la-industria-musical-creado-por-la-artista-multidisciplinaria-chilena-araceli-cantora","status":"publish","type":"post","link":"http:\/\/staging.ibermusicas.org\/index.php\/llega-el-podcast-acortando-la-brecha-mujeres-y-disidencias-de-la-industria-musical-creado-por-la-artista-multidisciplinaria-chilena-araceli-cantora\/","title":{"rendered":"Llega el Podcast \u201cAcortando la brecha: mujeres y disidencias de la industria musical\u201d creado por la artista multidisciplinaria chilena Araceli Cantora"},"content":{"rendered":"<p>Llega un podcast para descubrir las historias de las mujeres y disidencias que est\u00e1n revolucionando la industria musical en Latinoam\u00e9rica. En cada episodio se explorar\u00e1n los desaf\u00edos y logros de quienes trabajan detr\u00e1s de las escenas, desde productoras, compositoras, hasta ejecutivas. Acortando la brecha es un espacio para celebrar la diversidad, fomentar la igualdad e inspirar a futuras generaciones.<\/p>\n<p>&nbsp;<\/p>\n<p>Araceli Cantora, junto a artistas y agente de industria se conecta desde la ciudad musical de Valpara\u00edso con Latinoam\u00e9rica para conversar con mujeres poderosas y referentes de la industria musical. Acortando la brecha podcast, se posiciona como el primer programa de entrevista, donde las protagonistas de la industria nos cuentan sobre el quehacer y los pormenores que hay detr\u00e1s de los escenarios. Planificaci\u00f3n, formulaci\u00f3n,\u00a0 objetivos, branding, negociaciones, derechos de autor, desaf\u00edos y oportunidades; tem\u00e1ticas que abren la discusi\u00f3n y visibilizan las oportunidades para transformar pr\u00e1cticas actuales por maneras de trabajar\u00a0 m\u00e1s dignas, amorosa y equitativa; aportando a la innovaci\u00f3n de la industria musical.<\/p>\n<p>&nbsp;<\/p>\n<p>\u201cAcortando la brecha: mujeres y disidencias de la industria musical\u201d es un proyecto ganador de las convocatorias 2024 de Iberm\u00fasicas en la l\u00ednea de \u201cAyuda a proyectos virtuales\u201d.<\/p>\n<p>&nbsp;<\/p>\n<p>&nbsp;<\/p>\n<p><iframe title=\"Spotify Embed: Araceli Cantora\" style=\"border-radius: 12px\" width=\"100%\" height=\"352\" frameborder=\"0\" allowfullscreen allow=\"autoplay; clipboard-write; encrypted-media; fullscreen; picture-in-picture\" loading=\"lazy\" src=\"https:\/\/open.spotify.com\/embed\/artist\/0SgodB6Pya5ITzgky9EsMz?si=3Zt5V8EFQu-x6MuArsfa6w&#038;utm_source=oembed\"><\/iframe><\/p>\n","protected":false},"excerpt":{"rendered":"<p>Llega un podcast para descubrir las historias de las mujeres y disidencias que est\u00e1n revolucionando la industria musical en Latinoam\u00e9rica. En cada episodio se explorar\u00e1n los desaf\u00edos y logros de quienes trabajan detr\u00e1s de las escenas, desde productoras, compositoras, hasta ejecutivas. Acortando la brecha es un espacio para celebrar la diversidad, fomentar la igualdad e [&hellip;]<\/p>\n","protected":false},"author":7,"featured_media":22698,"comment_status":"closed","ping_status":"closed","sticky":false,"template":"","format":"standard","meta":{"footnotes":""},"categories":[53,48],"tags":[],"class_list":["post-22697","post","type-post","status-publish","format-standard","has-post-thumbnail","hentry","category-noticias-generales","category-noticias-rotativas"],"lang":"es","translations":{"es":22697,"pt":22700},"pll_sync_post":[],"post_mailing_queue_ids":[],"_links":{"self":[{"href":"http:\/\/staging.ibermusicas.org\/index.php\/wp-json\/wp\/v2\/posts\/22697","targetHints":{"allow":["GET"]}}],"collection":[{"href":"http:\/\/staging.ibermusicas.org\/index.php\/wp-json\/wp\/v2\/posts"}],"about":[{"href":"http:\/\/staging.ibermusicas.org\/index.php\/wp-json\/wp\/v2\/types\/post"}],"author":[{"embeddable":true,"href":"http:\/\/staging.ibermusicas.org\/index.php\/wp-json\/wp\/v2\/users\/7"}],"replies":[{"embeddable":true,"href":"http:\/\/staging.ibermusicas.org\/index.php\/wp-json\/wp\/v2\/comments?post=22697"}],"version-history":[{"count":1,"href":"http:\/\/staging.ibermusicas.org\/index.php\/wp-json\/wp\/v2\/posts\/22697\/revisions"}],"predecessor-version":[{"id":22699,"href":"http:\/\/staging.ibermusicas.org\/index.php\/wp-json\/wp\/v2\/posts\/22697\/revisions\/22699"}],"wp:featuredmedia":[{"embeddable":true,"href":"http:\/\/staging.ibermusicas.org\/index.php\/wp-json\/wp\/v2\/media\/22698"}],"wp:attachment":[{"href":"http:\/\/staging.ibermusicas.org\/index.php\/wp-json\/wp\/v2\/media?parent=22697"}],"wp:term":[{"taxonomy":"category","embeddable":true,"href":"http:\/\/staging.ibermusicas.org\/index.php\/wp-json\/wp\/v2\/categories?post=22697"},{"taxonomy":"post_tag","embeddable":true,"href":"http:\/\/staging.ibermusicas.org\/index.php\/wp-json\/wp\/v2\/tags?post=22697"}],"curies":[{"name":"wp","href":"https:\/\/api.w.org\/{rel}","templated":true}]}}