{"id":22700,"date":"2025-06-04T14:22:23","date_gmt":"2025-06-04T14:22:23","guid":{"rendered":"http:\/\/staging.ibermusicas.org\/?p=22700"},"modified":"2025-06-04T14:22:23","modified_gmt":"2025-06-04T14:22:23","slug":"chega-o-podcast-acortando-la-brecha-mulheres-e-dissidencias-na-industria-musical-criado-pela-artista-multidisciplinar-chilena-araceli-cantora","status":"publish","type":"post","link":"http:\/\/staging.ibermusicas.org\/index.php\/chega-o-podcast-acortando-la-brecha-mulheres-e-dissidencias-na-industria-musical-criado-pela-artista-multidisciplinar-chilena-araceli-cantora\/","title":{"rendered":"Chega o podcast \u201cAcortando la brecha: mulheres e dissid\u00eancias na ind\u00fastria musical\u201d, criado pela artista multidisciplinar chilena Araceli Cantora"},"content":{"rendered":"<p>Chega um podcast para descobrir as hist\u00f3rias das mulheres e dissid\u00eancias que est\u00e3o revolucionando a ind\u00fastria musical na Am\u00e9rica Latina. Em cada epis\u00f3dio, ser\u00e3o explorados os desafios e conquistas daquelas que trabalham nos bastidores, desde produtoras e compositoras at\u00e9 executivas. Acortando la brecha \u00e9 um espa\u00e7o para celebrar a diversidade, promover a igualdade e inspirar as futuras gera\u00e7\u00f5es.<\/p>\n<p>&nbsp;<\/p>\n<p>Araceli Cantora, juntamente com artistas e agentes da ind\u00fastria, conecta-se da cidade musical de Valpara\u00edso com a Am\u00e9rica Latina para conversar com mulheres poderosas e refer\u00eancias da ind\u00fastria musical. Acortando la brecha podcast posiciona-se como o primeiro programa de entrevistas, onde as protagonistas da ind\u00fastria nos contam sobre o trabalho e os detalhes que existem por tr\u00e1s dos palcos. Planejamento, formula\u00e7\u00e3o, objetivos, branding, negocia\u00e7\u00f5es, direitos autorais, desafios e oportunidades; temas que abrem a discuss\u00e3o e visibilizam as oportunidades para transformar pr\u00e1ticas atuais em formas de trabalhar mais dignas, amorosas e equitativas, contribuindo para a inova\u00e7\u00e3o da ind\u00fastria musical.<\/p>\n<p>&nbsp;<\/p>\n<p>\u201cAcortando la brecha: mulheres e dissid\u00eancias da ind\u00fastria musical\u201d \u00e9 um projeto vencedor da convocat\u00f3ria 2024 da Iberm\u00fasicas na linha \u201cAjuda a projetos virtuais\u201d.<\/p>\n<p>&nbsp;<\/p>\n<p>&nbsp;<\/p>\n<p><iframe title=\"Spotify Embed: Araceli Cantora\" style=\"border-radius: 12px\" width=\"100%\" height=\"352\" frameborder=\"0\" allowfullscreen allow=\"autoplay; clipboard-write; encrypted-media; fullscreen; picture-in-picture\" loading=\"lazy\" src=\"https:\/\/open.spotify.com\/embed\/artist\/0SgodB6Pya5ITzgky9EsMz?si=3Zt5V8EFQu-x6MuArsfa6w&#038;utm_source=oembed\"><\/iframe><\/p>\n","protected":false},"excerpt":{"rendered":"<p>Chega um podcast para descobrir as hist\u00f3rias das mulheres e dissid\u00eancias que est\u00e3o revolucionando a ind\u00fastria musical na Am\u00e9rica Latina. Em cada epis\u00f3dio, ser\u00e3o explorados os desafios e conquistas daquelas que trabalham nos bastidores, desde produtoras e compositoras at\u00e9 executivas. Acortando la brecha \u00e9 um espa\u00e7o para celebrar a diversidade, promover a igualdade e inspirar [&hellip;]<\/p>\n","protected":false},"author":7,"featured_media":22698,"comment_status":"closed","ping_status":"closed","sticky":false,"template":"","format":"standard","meta":{"footnotes":""},"categories":[218,222],"tags":[],"class_list":["post-22700","post","type-post","status-publish","format-standard","has-post-thumbnail","hentry","category-noticias-generales-pt","category-noticias-rotativas-pt"],"lang":"pt","translations":{"pt":22700,"es":22697},"pll_sync_post":[],"post_mailing_queue_ids":[],"_links":{"self":[{"href":"http:\/\/staging.ibermusicas.org\/index.php\/wp-json\/wp\/v2\/posts\/22700","targetHints":{"allow":["GET"]}}],"collection":[{"href":"http:\/\/staging.ibermusicas.org\/index.php\/wp-json\/wp\/v2\/posts"}],"about":[{"href":"http:\/\/staging.ibermusicas.org\/index.php\/wp-json\/wp\/v2\/types\/post"}],"author":[{"embeddable":true,"href":"http:\/\/staging.ibermusicas.org\/index.php\/wp-json\/wp\/v2\/users\/7"}],"replies":[{"embeddable":true,"href":"http:\/\/staging.ibermusicas.org\/index.php\/wp-json\/wp\/v2\/comments?post=22700"}],"version-history":[{"count":1,"href":"http:\/\/staging.ibermusicas.org\/index.php\/wp-json\/wp\/v2\/posts\/22700\/revisions"}],"predecessor-version":[{"id":22701,"href":"http:\/\/staging.ibermusicas.org\/index.php\/wp-json\/wp\/v2\/posts\/22700\/revisions\/22701"}],"wp:featuredmedia":[{"embeddable":true,"href":"http:\/\/staging.ibermusicas.org\/index.php\/wp-json\/wp\/v2\/media\/22698"}],"wp:attachment":[{"href":"http:\/\/staging.ibermusicas.org\/index.php\/wp-json\/wp\/v2\/media?parent=22700"}],"wp:term":[{"taxonomy":"category","embeddable":true,"href":"http:\/\/staging.ibermusicas.org\/index.php\/wp-json\/wp\/v2\/categories?post=22700"},{"taxonomy":"post_tag","embeddable":true,"href":"http:\/\/staging.ibermusicas.org\/index.php\/wp-json\/wp\/v2\/tags?post=22700"}],"curies":[{"name":"wp","href":"https:\/\/api.w.org\/{rel}","templated":true}]}}