{"id":22702,"date":"2025-06-04T14:32:12","date_gmt":"2025-06-04T14:32:12","guid":{"rendered":"http:\/\/staging.ibermusicas.org\/?p=22702"},"modified":"2025-06-18T20:53:35","modified_gmt":"2025-06-18T20:53:35","slug":"ibermusicas-difunde-las-becas-ofrecidas-por-oacademy-de-estados-unidos-2","status":"publish","type":"post","link":"http:\/\/staging.ibermusicas.org\/index.php\/ibermusicas-difunde-las-becas-ofrecidas-por-oacademy-de-estados-unidos-2\/","title":{"rendered":"Iberm\u00fasicas difunde las becas ofrecidas por OAcademy de Estados Unidos"},"content":{"rendered":"<p>OAcademy invita a m\u00fasicos de orquesta, concertistas de piano, directores y compositores emergentes de todo el mundo a formar parte de su pr\u00f3xima edici\u00f3n. Combinando formaci\u00f3n a distancia y en vivo mediante residencias inmersivas. OAcademy proporciona a las becarias y los becarios una oportunidad inigualable para perfeccionar sus habilidades a un alto nivel.<\/p>\n<p>OAcademy Music Conservatory innova en el \u00e1mbito de la educaci\u00f3n musical acercando a alumnas y alumnos de todo el mundo una formaci\u00f3n accesible de excelencia global, relevante y adaptada a los retos y oportunidades de nuestro tiempo. Ya est\u00e1 abierto el per\u00edodo de inscripci\u00f3n destinado a artistas emergentes en el \u00e1mbito de la m\u00fasica cl\u00e1sica para formar parte del conservatorio de m\u00fasica global OAcademy. Se trata de una oportunidad \u00fanica para que int\u00e9rpretes y creadores de todo el mundo conecten con una comunidad global de mentores y l\u00edderes del sector musical.<\/p>\n<p>Los innovadores programas de formaci\u00f3n, dirigidos a m\u00fasicos de todas las especialidades orquestales, concertistas de piano, compositores y directores de todos los pa\u00edses est\u00e1n guiados por grandes profesionales en actividad que buscan compartir sus saberes con la pr\u00f3xima generaci\u00f3n de m\u00fasicos.<\/p>\n<p>Las audiciones pueden realizarse online, son gratuitas, no hay edad m\u00e1xima para formar parte de los programas y la convocatoria est\u00e1 abierta a m\u00fasicos de todo los pa\u00edses.<\/p>\n<p><strong>BECAS OAcademy<\/strong><\/p>\n<ul>\n<li>3 becas para Chile en alianza con FOJI<\/li>\n<li>5 becas para Colombia en alianza con Fundaci\u00f3n Bol\u00edvar Davivienda<\/li>\n<li>1-3 becas para Rep.Dominicana en alianza con Fundaci\u00f3n Sinfon\u00eda<\/li>\n<li>5 becas para arpistas de Latinoam\u00e9rica en alianza con Tierra 47<\/li>\n<li>2 becas para Brasil en alianza con OVO \u2013 Orquestra de Forma\u00e7\u00e3o e Transforma\u00e7\u00e3o<\/li>\n<\/ul>\n<p>Inscripciones en: <a href=\"https:\/\/oacademy.live\/\">oacademy.live<\/a><\/p>\n\n\n<p><\/p>\n","protected":false},"excerpt":{"rendered":"<p>OAcademy invita a m\u00fasicos de orquesta, concertistas de piano, directores y compositores emergentes de todo el mundo a formar parte de su pr\u00f3xima edici\u00f3n. Combinando formaci\u00f3n a distancia y en vivo mediante residencias inmersivas. OAcademy proporciona a las becarias y los becarios una oportunidad inigualable para perfeccionar sus habilidades a un alto nivel. OAcademy Music [&hellip;]<\/p>\n","protected":false},"author":7,"featured_media":22703,"comment_status":"closed","ping_status":"closed","sticky":false,"template":"","format":"standard","meta":{"footnotes":""},"categories":[53,48],"tags":[],"class_list":["post-22702","post","type-post","status-publish","format-standard","has-post-thumbnail","hentry","category-noticias-generales","category-noticias-rotativas"],"lang":"es","translations":{"es":22702,"pt":22705},"pll_sync_post":[],"post_mailing_queue_ids":[],"_links":{"self":[{"href":"http:\/\/staging.ibermusicas.org\/index.php\/wp-json\/wp\/v2\/posts\/22702","targetHints":{"allow":["GET"]}}],"collection":[{"href":"http:\/\/staging.ibermusicas.org\/index.php\/wp-json\/wp\/v2\/posts"}],"about":[{"href":"http:\/\/staging.ibermusicas.org\/index.php\/wp-json\/wp\/v2\/types\/post"}],"author":[{"embeddable":true,"href":"http:\/\/staging.ibermusicas.org\/index.php\/wp-json\/wp\/v2\/users\/7"}],"replies":[{"embeddable":true,"href":"http:\/\/staging.ibermusicas.org\/index.php\/wp-json\/wp\/v2\/comments?post=22702"}],"version-history":[{"count":3,"href":"http:\/\/staging.ibermusicas.org\/index.php\/wp-json\/wp\/v2\/posts\/22702\/revisions"}],"predecessor-version":[{"id":23754,"href":"http:\/\/staging.ibermusicas.org\/index.php\/wp-json\/wp\/v2\/posts\/22702\/revisions\/23754"}],"wp:featuredmedia":[{"embeddable":true,"href":"http:\/\/staging.ibermusicas.org\/index.php\/wp-json\/wp\/v2\/media\/22703"}],"wp:attachment":[{"href":"http:\/\/staging.ibermusicas.org\/index.php\/wp-json\/wp\/v2\/media?parent=22702"}],"wp:term":[{"taxonomy":"category","embeddable":true,"href":"http:\/\/staging.ibermusicas.org\/index.php\/wp-json\/wp\/v2\/categories?post=22702"},{"taxonomy":"post_tag","embeddable":true,"href":"http:\/\/staging.ibermusicas.org\/index.php\/wp-json\/wp\/v2\/tags?post=22702"}],"curies":[{"name":"wp","href":"https:\/\/api.w.org\/{rel}","templated":true}]}}