{"id":2405,"date":"2020-04-30T19:54:34","date_gmt":"2020-04-30T19:54:34","guid":{"rendered":"http:\/\/35.173.133.8\/?p=2405"},"modified":"2020-09-16T11:30:25","modified_gmt":"2020-09-16T11:30:25","slug":"ibermusicas-ante-la-actual-situacion-sanitaria-mundial-2","status":"publish","type":"post","link":"http:\/\/staging.ibermusicas.org\/index.php\/ibermusicas-ante-la-actual-situacion-sanitaria-mundial-2\/","title":{"rendered":"Iberm\u00fasicas diante da atual situa\u00e7\u00e3o sanit\u00e1ria mundial"},"content":{"rendered":"<p>Todas as pessoas que fazemos Iberm\u00fasicas lamentamos muito a atual situa\u00e7\u00e3o sanit\u00e1ria. No entanto, gostar\u00edamos de enfatizar a resili\u00eancia que o setor cultural promove, capaz de transformar este momento de adversidade em um espa\u00e7o de reflex\u00e3o e descobrimento. Acompanhando com criatividade e generosidade, atrav\u00e9s de festivais em sacadas, recitais ao vivo distribu\u00eddos por plataformas digitais on-line, cursos on-line gratuitos, uma grande oferta de conte\u00fado liberado, entre muitas outras propostas e alternativas que confirman o valor inestim\u00e1vel que a cultura tem em nossas sociedades. \u00c0 medida que a cultura do dinheiro cai, ressurge a import\u00e2ncia do significado e da transcend\u00eancia que a arte nos brinda, onde a m\u00fasica tem um lugar especial. Iremos sair desta situa\u00e7\u00e3o mais fortalecidos.<\/p>\n<p>Por outro lado, entendemos perfeitamente que esta situa\u00e7\u00e3o afeta fortemente as atividades dos projetos apoiados pelo Programa. Os representantes de cada pa\u00eds, juntamente com a Unidade T\u00e9cnica, t\u00eam o compromisso de acompanhar cada um dos casos e colaborar na busca de respostas que ofere\u00e7am solu\u00e7\u00f5es concretas para que os projetos danificados possam ser reprogramados para sua realiza\u00e7\u00e3o em algum momento deste ano ou no pr\u00f3ximo.<\/p>\n<p>Esperamos sair desta crise e que a sa\u00edda seja trabalhando juntas e juntos. Sabemos que em breve retornaremos \u00e0s nossas atividades di\u00e1rias sendo melhores.<\/p>\n","protected":false},"excerpt":{"rendered":"<p>Lorem ipsum dolor sit amet, consectetur adipisicing elit, sed do eiusmod tempor <br \/> incididunt ut labore et dolore magna aliqua.<\/p>\n","protected":false},"author":1,"featured_media":1904,"comment_status":"closed","ping_status":"closed","sticky":false,"template":"","format":"standard","meta":{"footnotes":""},"categories":[218],"tags":[],"class_list":["post-2405","post","type-post","status-publish","format-standard","has-post-thumbnail","hentry","category-noticias-generales-pt"],"lang":"pt","translations":{"pt":2405,"es":743},"pll_sync_post":[],"post_mailing_queue_ids":[],"_links":{"self":[{"href":"http:\/\/staging.ibermusicas.org\/index.php\/wp-json\/wp\/v2\/posts\/2405","targetHints":{"allow":["GET"]}}],"collection":[{"href":"http:\/\/staging.ibermusicas.org\/index.php\/wp-json\/wp\/v2\/posts"}],"about":[{"href":"http:\/\/staging.ibermusicas.org\/index.php\/wp-json\/wp\/v2\/types\/post"}],"author":[{"embeddable":true,"href":"http:\/\/staging.ibermusicas.org\/index.php\/wp-json\/wp\/v2\/users\/1"}],"replies":[{"embeddable":true,"href":"http:\/\/staging.ibermusicas.org\/index.php\/wp-json\/wp\/v2\/comments?post=2405"}],"version-history":[{"count":2,"href":"http:\/\/staging.ibermusicas.org\/index.php\/wp-json\/wp\/v2\/posts\/2405\/revisions"}],"predecessor-version":[{"id":2481,"href":"http:\/\/staging.ibermusicas.org\/index.php\/wp-json\/wp\/v2\/posts\/2405\/revisions\/2481"}],"wp:featuredmedia":[{"embeddable":true,"href":"http:\/\/staging.ibermusicas.org\/index.php\/wp-json\/wp\/v2\/media\/1904"}],"wp:attachment":[{"href":"http:\/\/staging.ibermusicas.org\/index.php\/wp-json\/wp\/v2\/media?parent=2405"}],"wp:term":[{"taxonomy":"category","embeddable":true,"href":"http:\/\/staging.ibermusicas.org\/index.php\/wp-json\/wp\/v2\/categories?post=2405"},{"taxonomy":"post_tag","embeddable":true,"href":"http:\/\/staging.ibermusicas.org\/index.php\/wp-json\/wp\/v2\/tags?post=2405"}],"curies":[{"name":"wp","href":"https:\/\/api.w.org\/{rel}","templated":true}]}}