{"id":24947,"date":"2025-06-12T17:48:47","date_gmt":"2025-06-12T17:48:47","guid":{"rendered":"http:\/\/staging.ibermusicas.org\/?p=24947"},"modified":"2025-07-04T17:54:51","modified_gmt":"2025-07-04T17:54:51","slug":"recomendamos-la-playlist-desfronterizadxs-creada-por-barbarita-palacios-de-argentina-para-identidades-sonoras-ii","status":"publish","type":"post","link":"http:\/\/staging.ibermusicas.org\/index.php\/recomendamos-la-playlist-desfronterizadxs-creada-por-barbarita-palacios-de-argentina-para-identidades-sonoras-ii\/","title":{"rendered":"Recomendamos la playlist \u201cDesfronterizadxs\u201d creada por Barbarita Palacios de Argentina para Identidades Sonoras II\u00a0\u00a0\u00a0\u00a0"},"content":{"rendered":"\n<p><em>Adem\u00e1s de las fronteras estil\u00edsticas musicales, nos rodean otras, ideol\u00f3gicas, de g\u00e9nero, razas, clases, todas injustas. Nosotras, las mujeres, trans, por fuera de la heterosexualidad obediente, con arte y talento genuino formamos trincheras que rompen lo establecido y abrazan directo al coraz\u00f3n.<\/em><\/p>\n\n\n\n<p>Barbarita Palacios es Cantautora, hija de la artista argentina Egle Martin, a quien acompa\u00f1\u00f3 en los escenarios en su trabajo de estudio y recuperaci\u00f3n de la cultura afro-argentina. En su formaci\u00f3n estudi\u00f3 teatro y canto. Integrante de Semilla, banda seminal del folk rock, con la que paralelamente mantuvo durante una d\u00e9cada espacios culturales. Tiene dos discos editados \u00abSi Va\u00bb y \u00abCriolla\u00bb. Forma parte del conjunto de Gustavo Santaolalla como cantante y multiinstrumentista.<\/p>\n\n\n\n<p>Para esta segunda edici\u00f3n han sido convocadas y convocados m\u00fasicas y m\u00fasicos que han recibido premios de Iberm\u00fasicas en recientes ediciones de nuestros concursos y l\u00edneas de ayuda.<\/p>\n\n\n\n<p>La invitaci\u00f3n consisti\u00f3 en que cada una y cada uno propusiera una lista de 50 canciones de artistas musicales de su propio pa\u00eds en torno al concepto de \u00abFronteras\u00bb,abordando esta noci\u00f3n desde una multiplicidad de perspectivas (fronteras geogr\u00e0ficas, culturales, simb\u00f3licas, delimitaciones posibles o imaginadas o invisibilizadas).<\/p>\n\n\n\n<p>Escuchar en:<\/p>\n\n\n\n<figure class=\"wp-block-embed is-type-rich is-provider-spotify wp-block-embed-spotify wp-embed-aspect-21-9 wp-has-aspect-ratio\"><div class=\"wp-block-embed__wrapper\">\n<iframe title=\"Spotify Embed: IDENTIDADES SONORAS II - Desfronterizadxs  - Argentina\" style=\"border-radius: 12px\" width=\"100%\" height=\"352\" frameborder=\"0\" allowfullscreen allow=\"autoplay; clipboard-write; encrypted-media; fullscreen; picture-in-picture\" loading=\"lazy\" src=\"https:\/\/open.spotify.com\/embed\/playlist\/5Ov11hivdAXT1iL1Bdkt52?si=47f83777bac346d6&#038;utm_source=oembed\"><\/iframe>\n<\/div><\/figure>\n","protected":false},"excerpt":{"rendered":"<p>Adem\u00e1s de las fronteras estil\u00edsticas musicales, nos rodean otras, ideol\u00f3gicas, de g\u00e9nero, razas, clases, todas injustas. Nosotras, las mujeres, trans, por fuera de la heterosexualidad obediente, con arte y talento genuino formamos trincheras que rompen lo establecido y abrazan directo al coraz\u00f3n. Barbarita Palacios es Cantautora, hija de la artista argentina Egle Martin, a quien [&hellip;]<\/p>\n","protected":false},"author":7,"featured_media":24948,"comment_status":"closed","ping_status":"closed","sticky":false,"template":"","format":"standard","meta":{"footnotes":""},"categories":[53],"tags":[],"class_list":["post-24947","post","type-post","status-publish","format-standard","has-post-thumbnail","hentry","category-noticias-generales"],"lang":"es","translations":{"es":24947},"pll_sync_post":[],"post_mailing_queue_ids":[],"_links":{"self":[{"href":"http:\/\/staging.ibermusicas.org\/index.php\/wp-json\/wp\/v2\/posts\/24947","targetHints":{"allow":["GET"]}}],"collection":[{"href":"http:\/\/staging.ibermusicas.org\/index.php\/wp-json\/wp\/v2\/posts"}],"about":[{"href":"http:\/\/staging.ibermusicas.org\/index.php\/wp-json\/wp\/v2\/types\/post"}],"author":[{"embeddable":true,"href":"http:\/\/staging.ibermusicas.org\/index.php\/wp-json\/wp\/v2\/users\/7"}],"replies":[{"embeddable":true,"href":"http:\/\/staging.ibermusicas.org\/index.php\/wp-json\/wp\/v2\/comments?post=24947"}],"version-history":[{"count":1,"href":"http:\/\/staging.ibermusicas.org\/index.php\/wp-json\/wp\/v2\/posts\/24947\/revisions"}],"predecessor-version":[{"id":24949,"href":"http:\/\/staging.ibermusicas.org\/index.php\/wp-json\/wp\/v2\/posts\/24947\/revisions\/24949"}],"wp:featuredmedia":[{"embeddable":true,"href":"http:\/\/staging.ibermusicas.org\/index.php\/wp-json\/wp\/v2\/media\/24948"}],"wp:attachment":[{"href":"http:\/\/staging.ibermusicas.org\/index.php\/wp-json\/wp\/v2\/media?parent=24947"}],"wp:term":[{"taxonomy":"category","embeddable":true,"href":"http:\/\/staging.ibermusicas.org\/index.php\/wp-json\/wp\/v2\/categories?post=24947"},{"taxonomy":"post_tag","embeddable":true,"href":"http:\/\/staging.ibermusicas.org\/index.php\/wp-json\/wp\/v2\/tags?post=24947"}],"curies":[{"name":"wp","href":"https:\/\/api.w.org\/{rel}","templated":true}]}}