{"id":24950,"date":"2025-06-12T17:54:30","date_gmt":"2025-06-12T17:54:30","guid":{"rendered":"http:\/\/staging.ibermusicas.org\/?p=24950"},"modified":"2025-07-04T18:03:25","modified_gmt":"2025-07-04T18:03:25","slug":"recomendamos-a-playlist-desfronterizadxs-criada-por-barbarita-palacios-da-argentina-para-identidades-sonoras-ii","status":"publish","type":"post","link":"http:\/\/staging.ibermusicas.org\/index.php\/recomendamos-a-playlist-desfronterizadxs-criada-por-barbarita-palacios-da-argentina-para-identidades-sonoras-ii\/","title":{"rendered":"Recomendamos a playlist \u201cDesfronterizadxs\u201d, criada por Barbarita Palacios, da Argentina, para Identidades Sonoras II"},"content":{"rendered":"\n<p><em>Al\u00e9m das fronteiras estil\u00edsticas musicais, estamos cercados por outras, ideol\u00f3gicas, de g\u00eanero, ra\u00e7a, classe, todas elas injustas. N\u00f3s, mulheres, trans, fora da heterossexualidade obediente, com arte e talento genu\u00edno, formamos trincheiras que rompem o estabelecido e abra\u00e7am direto o cora\u00e7\u00e3o.<\/em><\/p>\n\n\n\n<p>Barbarita Palacios \u00e9 cantora e compositora, filha da artista argentina Egle Martin, a quem acompanhou no palco em seu trabalho de estudo e recupera\u00e7\u00e3o da cultura afro-argentina. Estudou teatro e canto. Foi integrante da Semilla, uma banda seminal de folk rock, com quem tamb\u00e9m manteve espa\u00e7os culturais por uma d\u00e9cada. Lan\u00e7ou dois \u00e1lbuns, \u201cSi Va\u201d e \u201cCriolla\u201d. Faz parte da banda de Gustavo Santaolalla como cantora e multi-instrumentista.<\/p>\n\n\n\n<p>Para esta segunda edi\u00e7\u00e3o, foram convidadas e convidados m\u00fasicas e m\u00fasicos que receberam pr\u00eamios da Iberm\u00fasicas em edi\u00e7\u00f5es recentes de nossos concursos e linhas de apoio.<\/p>\n\n\n\n<p>O convite consistiu em que cada um propusesse uma lista de 50 can\u00e7\u00f5es de artistas musicais de seu pr\u00f3prio pa\u00eds em torno do conceito de \u201cFronteiras\u201d, abordando essa no\u00e7\u00e3o a partir de uma multiplicidade de perspectivas (fronteiras geogr\u00e1ficas, culturais, simb\u00f3licas, delimita\u00e7\u00f5es poss\u00edveis ou imagin\u00e1rias ou invisibilizadas).<\/p>\n\n\n\n<p>Ouvir em:<\/p>\n\n\n\n<figure class=\"wp-block-embed is-type-rich is-provider-spotify wp-block-embed-spotify wp-embed-aspect-21-9 wp-has-aspect-ratio\"><div class=\"wp-block-embed__wrapper\">\n<iframe title=\"Spotify Embed: IDENTIDADES SONORAS II - Desfronterizadxs  - Argentina\" style=\"border-radius: 12px\" width=\"100%\" height=\"352\" frameborder=\"0\" allowfullscreen allow=\"autoplay; clipboard-write; encrypted-media; fullscreen; picture-in-picture\" loading=\"lazy\" src=\"https:\/\/open.spotify.com\/embed\/playlist\/5Ov11hivdAXT1iL1Bdkt52?si=47f83777bac346d6&#038;utm_source=oembed\"><\/iframe>\n<\/div><\/figure>\n","protected":false},"excerpt":{"rendered":"<p>Al\u00e9m das fronteiras estil\u00edsticas musicais, estamos cercados por outras, ideol\u00f3gicas, de g\u00eanero, ra\u00e7a, classe, todas elas injustas. N\u00f3s, mulheres, trans, fora da heterossexualidade obediente, com arte e talento genu\u00edno, formamos trincheiras que rompem o estabelecido e abra\u00e7am direto o cora\u00e7\u00e3o. Barbarita Palacios \u00e9 cantora e compositora, filha da artista argentina Egle Martin, a quem acompanhou [&hellip;]<\/p>\n","protected":false},"author":7,"featured_media":24948,"comment_status":"closed","ping_status":"closed","sticky":false,"template":"","format":"standard","meta":{"footnotes":""},"categories":[218],"tags":[],"class_list":["post-24950","post","type-post","status-publish","format-standard","has-post-thumbnail","hentry","category-noticias-generales-pt"],"lang":"pt","translations":{"pt":24950},"pll_sync_post":[],"post_mailing_queue_ids":[],"_links":{"self":[{"href":"http:\/\/staging.ibermusicas.org\/index.php\/wp-json\/wp\/v2\/posts\/24950","targetHints":{"allow":["GET"]}}],"collection":[{"href":"http:\/\/staging.ibermusicas.org\/index.php\/wp-json\/wp\/v2\/posts"}],"about":[{"href":"http:\/\/staging.ibermusicas.org\/index.php\/wp-json\/wp\/v2\/types\/post"}],"author":[{"embeddable":true,"href":"http:\/\/staging.ibermusicas.org\/index.php\/wp-json\/wp\/v2\/users\/7"}],"replies":[{"embeddable":true,"href":"http:\/\/staging.ibermusicas.org\/index.php\/wp-json\/wp\/v2\/comments?post=24950"}],"version-history":[{"count":2,"href":"http:\/\/staging.ibermusicas.org\/index.php\/wp-json\/wp\/v2\/posts\/24950\/revisions"}],"predecessor-version":[{"id":24952,"href":"http:\/\/staging.ibermusicas.org\/index.php\/wp-json\/wp\/v2\/posts\/24950\/revisions\/24952"}],"wp:featuredmedia":[{"embeddable":true,"href":"http:\/\/staging.ibermusicas.org\/index.php\/wp-json\/wp\/v2\/media\/24948"}],"wp:attachment":[{"href":"http:\/\/staging.ibermusicas.org\/index.php\/wp-json\/wp\/v2\/media?parent=24950"}],"wp:term":[{"taxonomy":"category","embeddable":true,"href":"http:\/\/staging.ibermusicas.org\/index.php\/wp-json\/wp\/v2\/categories?post=24950"},{"taxonomy":"post_tag","embeddable":true,"href":"http:\/\/staging.ibermusicas.org\/index.php\/wp-json\/wp\/v2\/tags?post=24950"}],"curies":[{"name":"wp","href":"https:\/\/api.w.org\/{rel}","templated":true}]}}