{"id":24953,"date":"2025-06-12T18:05:58","date_gmt":"2025-06-12T18:05:58","guid":{"rendered":"http:\/\/staging.ibermusicas.org\/?p=24953"},"modified":"2025-07-04T18:06:18","modified_gmt":"2025-07-04T18:06:18","slug":"ricardo-fonseca-de-portugal-y-cau-karam-de-brasil-presentan-su-concierto-entre-las-azores-y-el-sur-de-brasil-violas-fuera-de-moda-en-portugal","status":"publish","type":"post","link":"http:\/\/staging.ibermusicas.org\/index.php\/ricardo-fonseca-de-portugal-y-cau-karam-de-brasil-presentan-su-concierto-entre-las-azores-y-el-sur-de-brasil-violas-fuera-de-moda-en-portugal\/","title":{"rendered":"Ricardo Fonseca, de Portugal, y Cau Karam, de Brasil, presentan su concierto \u00abEntre las Azores y el sur de Brasil: violas fuera de moda\u00bb en Portugal"},"content":{"rendered":"\n<p>Ricardo Fonseca, maestro de la viola lus\u00f3fona, a trav\u00e9s del Programa Iberm\u00fasica, recibe al compositor y violista brasile\u00f1o Cau Karam para estudiar la viola portuguesa. El resultado de dos meses de aprendizaje e intercambio entre ambos m\u00fasicos se presentar\u00e1 en un concierto \u00fanico, que tendr\u00e1 lugar el domingo 15 de junio en el Cine Teatro Miratejo, en Corroios, a las 17:00 h, con entrada gratuita.<\/p>\n\n\n\n<p>En el espect\u00e1culo se interpretar\u00e1n composiciones de ambos m\u00fasicos, en d\u00fao y en solitario, explorando las t\u00e9cnicas y el potencial creativo del legado de la musicalidad rural desde nuevas perspectivas, incorporando sus influencias y bagajes culturales diversos y llevando la sonoridad r\u00fastica de la viola a otros horizontes musicales.<\/p>\n\n\n\n<p>Cau Karam es compositor, guitarrista y violeiro con una larga carrera como m\u00fasico en Porto Alegre y S\u00e3o Paulo. Su primer disco, \u201cSambas, Choros, Valses e um Frevo\u201d, con financiaci\u00f3n de Funproarte, gan\u00f3 los Premios A\u00e7orianos 2006 al Mejor CD y al Mejor Compositor de M\u00fasica Instrumental. De 2005 a 2007, estudi\u00f3 en la Universidade Livre de M\u00fasica (ULM), actual Escola de M\u00fasica do Estado de S\u00e3o Paulo (EMESP Tom Jobim), en S\u00e3o Paulo, donde trabaj\u00f3 como m\u00fasico durante 18 a\u00f1os y form\u00f3 parte del n\u00facleo musical del grupo de teatro Cia do Lat\u00e3o. En 2013, public\u00f3 su segundo \u00e1lbum, \u201cDe Senhores, Baronesas, Botos, Urubus, Cabritos e Ovelhas\u201d, en colaboraci\u00f3n con el grupo paulista \u00c0 Deriva. Su trabajo m\u00e1s reciente, una serie de composiciones para viola brasile\u00f1a de diez cuerdas, fue becado por el Centro Cultural UFRGS 2023 y Ecarta 2024.<\/p>\n\n\n\n<p>Ricardo Fonseca toca la guitarra cl\u00e1sica y el\u00e9ctrica desde los 13 a\u00f1os, y empez\u00f3 a actuar en directo a los 17 a\u00f1os. Se form\u00f3 en el Conservatorio Regional de Palmela en guitarra cl\u00e1sica con el profesor Fernando Lobo y recibi\u00f3 clases particulares y talleres con Felipe Mendes, Nuno Rebelo, Jos\u00e9 Carvalhinho, Jos\u00e9 Eduardo y otros. Durante m\u00e1s de veinte a\u00f1os ha invertido mucho en el estudio y la difusi\u00f3n de la viola portuguesa, grabando, ense\u00f1ando, componiendo, arreglando y produciendo cord\u00f3fonos tradicionales portugueses, y est\u00e1 considerado uno de los mayores maestros e int\u00e9rpretes de viola de toda la Lusofon\u00eda.<\/p>\n\n\n\n<p>El proyecto de Cau Karam cuenta con el apoyo del Programa Iberm\u00fasicas a trav\u00e9s de su l\u00ednea \u201cApoyo a la especializaci\u00f3n y el perfeccionamiento art\u00edstico y t\u00e9cnico\u201d, convocatoria 2024.<\/p>\n\n\n\n<ul class=\"wp-block-list\">\n<li>15 de junio, 17h: Auditorio Municipal de Miratejo, Portugal<\/li>\n<\/ul>\n","protected":false},"excerpt":{"rendered":"<p>Ricardo Fonseca, maestro de la viola lus\u00f3fona, a trav\u00e9s del Programa Iberm\u00fasica, recibe al compositor y violista brasile\u00f1o Cau Karam para estudiar la viola portuguesa. El resultado de dos meses de aprendizaje e intercambio entre ambos m\u00fasicos se presentar\u00e1 en un concierto \u00fanico, que tendr\u00e1 lugar el domingo 15 de junio en el Cine Teatro [&hellip;]<\/p>\n","protected":false},"author":7,"featured_media":24954,"comment_status":"closed","ping_status":"closed","sticky":false,"template":"","format":"standard","meta":{"footnotes":""},"categories":[53],"tags":[],"class_list":["post-24953","post","type-post","status-publish","format-standard","has-post-thumbnail","hentry","category-noticias-generales"],"lang":"es","translations":{"es":24953},"pll_sync_post":[],"post_mailing_queue_ids":[],"_links":{"self":[{"href":"http:\/\/staging.ibermusicas.org\/index.php\/wp-json\/wp\/v2\/posts\/24953","targetHints":{"allow":["GET"]}}],"collection":[{"href":"http:\/\/staging.ibermusicas.org\/index.php\/wp-json\/wp\/v2\/posts"}],"about":[{"href":"http:\/\/staging.ibermusicas.org\/index.php\/wp-json\/wp\/v2\/types\/post"}],"author":[{"embeddable":true,"href":"http:\/\/staging.ibermusicas.org\/index.php\/wp-json\/wp\/v2\/users\/7"}],"replies":[{"embeddable":true,"href":"http:\/\/staging.ibermusicas.org\/index.php\/wp-json\/wp\/v2\/comments?post=24953"}],"version-history":[{"count":1,"href":"http:\/\/staging.ibermusicas.org\/index.php\/wp-json\/wp\/v2\/posts\/24953\/revisions"}],"predecessor-version":[{"id":24955,"href":"http:\/\/staging.ibermusicas.org\/index.php\/wp-json\/wp\/v2\/posts\/24953\/revisions\/24955"}],"wp:featuredmedia":[{"embeddable":true,"href":"http:\/\/staging.ibermusicas.org\/index.php\/wp-json\/wp\/v2\/media\/24954"}],"wp:attachment":[{"href":"http:\/\/staging.ibermusicas.org\/index.php\/wp-json\/wp\/v2\/media?parent=24953"}],"wp:term":[{"taxonomy":"category","embeddable":true,"href":"http:\/\/staging.ibermusicas.org\/index.php\/wp-json\/wp\/v2\/categories?post=24953"},{"taxonomy":"post_tag","embeddable":true,"href":"http:\/\/staging.ibermusicas.org\/index.php\/wp-json\/wp\/v2\/tags?post=24953"}],"curies":[{"name":"wp","href":"https:\/\/api.w.org\/{rel}","templated":true}]}}