{"id":24956,"date":"2025-06-12T18:06:21","date_gmt":"2025-06-12T18:06:21","guid":{"rendered":"http:\/\/staging.ibermusicas.org\/?p=24956"},"modified":"2025-07-04T18:07:52","modified_gmt":"2025-07-04T18:07:52","slug":"ricardo-fonseca-de-portugal-e-cau-karam-do-brasil-apresentam-seu-concerto-entre-os-acores-e-o-sul-do-brasil-violas-fora-das-modas-em-portugal","status":"publish","type":"post","link":"http:\/\/staging.ibermusicas.org\/index.php\/ricardo-fonseca-de-portugal-e-cau-karam-do-brasil-apresentam-seu-concerto-entre-os-acores-e-o-sul-do-brasil-violas-fora-das-modas-em-portugal\/","title":{"rendered":"Ricardo Fonseca de Portugal e Cau Karam do Brasil apresentam seu concerto \u00abEntre os A\u00e7ores e o Sul do Brasil &#8211; Violas fora das modas\u00bb em Portugal"},"content":{"rendered":"\n<p>Ricardo Fonseca, mestre da viola lus\u00f3fona, atrav\u00e9s do Programa Iberm\u00fasica, recebe, para estudos da viola portuguesa, o compositor e violeiro brasileiro Cau Karam. O resultado de dois meses de aprendizados e trocas entre os dois m\u00fasicos ser\u00e1 apresentado em show \u00fanico, a se realizar no domingo, 15 de junho, no Cine Teatro Miratejo, em Corroios, \u00e0s 17 horas, com entrada franca.<\/p>\n\n\n\n<p>No espet\u00e1culo, ser\u00e3o apresentadas composi\u00e7\u00f5es autorais de ambos os m\u00fasicos, em duo&nbsp; e solo, explorando as t\u00e9cnicas e o potencial criativo do legado da musicalidade rural sob novas perspectivas, incorporando suas influ\u00eancias e bagagens culturais diversas e levando a sonoridade r\u00fastica da viola a outros horizontes musicais.<\/p>\n\n\n\n<p>Cau Karam \u00e9 compositor, violonista e violeiro, com longa trajet\u00f3ria como m\u00fasico em Porto Alegre e S\u00e3o Paulo. Seu primeiro \u00e1lbum, \u201cSambas, Choros, Valsas e um Frevo\u201d, com financiamento do Funproarte, ganhou os Pr\u00eamios A\u00e7orianos 2006 de Melhor CD e de Melhor Compositor de M\u00fasica Instrumental. De 2005 a 2007, estudou na Universidade Livre de M\u00fasica (ULM), hoje Escola de M\u00fasica do Estado de S\u00e3o Paulo (EMESP Tom Jobim), na capital paulista, onde atuou como m\u00fasico por 18 anos, fazendo parte do n\u00facleo musical do grupo de teatro Cia do Lat\u00e3o. Em 2013, lan\u00e7ou o segundo \u00e1lbum, \u201cDe Senhores, Baronesas, Botos, Urubus, Cabritos e Ovelhas\u201d, em parceria com o grupo paulistano \u00c0 Deriva. Seu mais recente trabalho autoral, uma s\u00e9rie de composi\u00e7\u00f5es para viola brasileira de dez cordas, foi contemplado pelo edital Centro Cultural UFRGS 2023 e pelo edital Ecarta 2024.<\/p>\n\n\n\n<p>Ricardo Fonseca toca guitarra cl\u00e1ssica e el\u00e9ctrica desde os 13 anos de idade tendo come\u00e7ado a dar espect\u00e1culos ao vivo com 17 anos. Teve forma\u00e7\u00e3o no Conservat\u00f3rio Regional de Palmela em viola cl\u00e1ssica com o professor Fernando Lobo e aulas particulares e workshops com Felipe Mendes, Nuno Rebelo, Jos\u00e9 Carvalhinho,&nbsp; Jos\u00e9 Eduardo e outros. Tem investido fortemente, h\u00e1 mais de vinte anos, no estudo e na difus\u00e3o da viola portuguesa, realizando v\u00e1rios trabalhos de grava\u00e7\u00e3o, ensino, composi\u00e7\u00e3o, arranjos e produ\u00e7\u00e3o de cordofones tradicionais portugueses, sendo considerado um dos maiores mestres e tocadores de viola de toda lusofonia.<\/p>\n\n\n\n<p>O projeto de Cau Karam conta com o suporte do Programa Iberm\u00fasicas atrav\u00e9s da sua linha de \u201cApoio \u00e0 especializa\u00e7\u00e3o e aperfei\u00e7oamento art\u00edstico e t\u00e9cnico\u201d, chamada 2024.<\/p>\n\n\n\n<ul class=\"wp-block-list\">\n<li>15 de junho, 17h: Audit\u00f3rio Municipal de Miratejo, Portugal<\/li>\n<\/ul>\n","protected":false},"excerpt":{"rendered":"<p>Ricardo Fonseca, mestre da viola lus\u00f3fona, atrav\u00e9s do Programa Iberm\u00fasica, recebe, para estudos da viola portuguesa, o compositor e violeiro brasileiro Cau Karam. O resultado de dois meses de aprendizados e trocas entre os dois m\u00fasicos ser\u00e1 apresentado em show \u00fanico, a se realizar no domingo, 15 de junho, no Cine Teatro Miratejo, em Corroios, [&hellip;]<\/p>\n","protected":false},"author":7,"featured_media":24954,"comment_status":"closed","ping_status":"closed","sticky":false,"template":"","format":"standard","meta":{"footnotes":""},"categories":[218],"tags":[],"class_list":["post-24956","post","type-post","status-publish","format-standard","has-post-thumbnail","hentry","category-noticias-generales-pt"],"lang":"pt","translations":{"pt":24956},"pll_sync_post":[],"post_mailing_queue_ids":[],"_links":{"self":[{"href":"http:\/\/staging.ibermusicas.org\/index.php\/wp-json\/wp\/v2\/posts\/24956","targetHints":{"allow":["GET"]}}],"collection":[{"href":"http:\/\/staging.ibermusicas.org\/index.php\/wp-json\/wp\/v2\/posts"}],"about":[{"href":"http:\/\/staging.ibermusicas.org\/index.php\/wp-json\/wp\/v2\/types\/post"}],"author":[{"embeddable":true,"href":"http:\/\/staging.ibermusicas.org\/index.php\/wp-json\/wp\/v2\/users\/7"}],"replies":[{"embeddable":true,"href":"http:\/\/staging.ibermusicas.org\/index.php\/wp-json\/wp\/v2\/comments?post=24956"}],"version-history":[{"count":2,"href":"http:\/\/staging.ibermusicas.org\/index.php\/wp-json\/wp\/v2\/posts\/24956\/revisions"}],"predecessor-version":[{"id":24958,"href":"http:\/\/staging.ibermusicas.org\/index.php\/wp-json\/wp\/v2\/posts\/24956\/revisions\/24958"}],"wp:featuredmedia":[{"embeddable":true,"href":"http:\/\/staging.ibermusicas.org\/index.php\/wp-json\/wp\/v2\/media\/24954"}],"wp:attachment":[{"href":"http:\/\/staging.ibermusicas.org\/index.php\/wp-json\/wp\/v2\/media?parent=24956"}],"wp:term":[{"taxonomy":"category","embeddable":true,"href":"http:\/\/staging.ibermusicas.org\/index.php\/wp-json\/wp\/v2\/categories?post=24956"},{"taxonomy":"post_tag","embeddable":true,"href":"http:\/\/staging.ibermusicas.org\/index.php\/wp-json\/wp\/v2\/tags?post=24956"}],"curies":[{"name":"wp","href":"https:\/\/api.w.org\/{rel}","templated":true}]}}