{"id":24992,"date":"2025-06-12T18:50:09","date_gmt":"2025-06-12T18:50:09","guid":{"rendered":"http:\/\/staging.ibermusicas.org\/?p=24992"},"modified":"2025-07-16T14:50:39","modified_gmt":"2025-07-16T14:50:39","slug":"o-curso-tango-para-musicos-chega-a-colombia","status":"publish","type":"post","link":"http:\/\/staging.ibermusicas.org\/index.php\/o-curso-tango-para-musicos-chega-a-colombia\/","title":{"rendered":"O curso \u201cTango para m\u00fasicos\u201d chega \u00e0 Col\u00f4mbia"},"content":{"rendered":"\n<p>Durante a semana de 16 de junho de 2025, ser\u00e1 realizado na Universidade dos Andes (Bogot\u00e1) o curso \u201cTango para m\u00fasicos\u201d. Esta semana intensiva de forma\u00e7\u00e3o permite o encontro entre estudantes, professores e instrumentistas para estudar e trocar conhecimentos estil\u00edsticos sobre a interpreta\u00e7\u00e3o do tango e do folclore argentino.<\/p>\n\n\n\n<p>Este curso \u00e9 ministrado pelos mais renomados formadores de tango; h\u00e1 aulas de t\u00e9cnica instrumental, conjuntos, hist\u00f3ria e estilo. O curso reunir\u00e1 participantes de v\u00e1rias partes do mundo, como tem sido o caso nas edi\u00e7\u00f5es anteriores. Al\u00e9m disso, haver\u00e1 atividades abertas ao p\u00fablico externo (concertos, palestras, milongas).<\/p>\n\n\n\n<p>Esta edi\u00e7\u00e3o do curso \u201cTango para M\u00fasicos\u201d na Col\u00f4mbia ser\u00e1 realizada em homenagem a Carlos Gardel, relembrando os 90 anos de sua passagem para a imortalidade, e conta com o apoio do Programa Iberm\u00fasicas atrav\u00e9s de sua linha \u201cAjuda \u00e0 programa\u00e7\u00e3o musical\u201d, convocat\u00f3ria 2024.<\/p>\n\n\n\n<p>De 16 a 21 de junho, Universidade dos Andes, instala\u00e7\u00f5es do Departamento de M\u00fasica e audit\u00f3rio Mario Laserna, Bogot\u00e1, Col\u00f4mbia.<\/p>\n","protected":false},"excerpt":{"rendered":"<p>Durante a semana de 16 de junho de 2025, ser\u00e1 realizado na Universidade dos Andes (Bogot\u00e1) o curso \u201cTango para m\u00fasicos\u201d. Esta semana intensiva de forma\u00e7\u00e3o permite o encontro entre estudantes, professores e instrumentistas para estudar e trocar conhecimentos estil\u00edsticos sobre a interpreta\u00e7\u00e3o do tango e do folclore argentino. Este curso \u00e9 ministrado pelos mais [&hellip;]<\/p>\n","protected":false},"author":7,"featured_media":24990,"comment_status":"closed","ping_status":"closed","sticky":false,"template":"","format":"standard","meta":{"footnotes":""},"categories":[218],"tags":[],"class_list":["post-24992","post","type-post","status-publish","format-standard","has-post-thumbnail","hentry","category-noticias-generales-pt"],"lang":"pt","translations":{"pt":24992},"pll_sync_post":[],"post_mailing_queue_ids":[],"_links":{"self":[{"href":"http:\/\/staging.ibermusicas.org\/index.php\/wp-json\/wp\/v2\/posts\/24992","targetHints":{"allow":["GET"]}}],"collection":[{"href":"http:\/\/staging.ibermusicas.org\/index.php\/wp-json\/wp\/v2\/posts"}],"about":[{"href":"http:\/\/staging.ibermusicas.org\/index.php\/wp-json\/wp\/v2\/types\/post"}],"author":[{"embeddable":true,"href":"http:\/\/staging.ibermusicas.org\/index.php\/wp-json\/wp\/v2\/users\/7"}],"replies":[{"embeddable":true,"href":"http:\/\/staging.ibermusicas.org\/index.php\/wp-json\/wp\/v2\/comments?post=24992"}],"version-history":[{"count":1,"href":"http:\/\/staging.ibermusicas.org\/index.php\/wp-json\/wp\/v2\/posts\/24992\/revisions"}],"predecessor-version":[{"id":24993,"href":"http:\/\/staging.ibermusicas.org\/index.php\/wp-json\/wp\/v2\/posts\/24992\/revisions\/24993"}],"wp:featuredmedia":[{"embeddable":true,"href":"http:\/\/staging.ibermusicas.org\/index.php\/wp-json\/wp\/v2\/media\/24990"}],"wp:attachment":[{"href":"http:\/\/staging.ibermusicas.org\/index.php\/wp-json\/wp\/v2\/media?parent=24992"}],"wp:term":[{"taxonomy":"category","embeddable":true,"href":"http:\/\/staging.ibermusicas.org\/index.php\/wp-json\/wp\/v2\/categories?post=24992"},{"taxonomy":"post_tag","embeddable":true,"href":"http:\/\/staging.ibermusicas.org\/index.php\/wp-json\/wp\/v2\/tags?post=24992"}],"curies":[{"name":"wp","href":"https:\/\/api.w.org\/{rel}","templated":true}]}}