{"id":24994,"date":"2025-06-12T16:58:14","date_gmt":"2025-06-12T16:58:14","guid":{"rendered":"http:\/\/staging.ibermusicas.org\/?p=24994"},"modified":"2025-07-16T17:03:50","modified_gmt":"2025-07-16T17:03:50","slug":"el-duo-portugues-de-flauta-y-piano-do-miradouro-actuara-en-francia-y-el-reino-unido","status":"publish","type":"post","link":"http:\/\/staging.ibermusicas.org\/index.php\/el-duo-portugues-de-flauta-y-piano-do-miradouro-actuara-en-francia-y-el-reino-unido\/","title":{"rendered":"El d\u00fao portugu\u00e9s de flauta y piano \u00abDo Miradouro\u00bb actuar\u00e1 en Francia y el Reino Unido"},"content":{"rendered":"\n<p>El d\u00fao de flauta y piano \u00abDo Miradouro\u00bb se dedica a la difusi\u00f3n de la m\u00fasica portuguesa, combinando obras de compositores consagrados como Joly Braga Santos o Francis Poulenc con creaciones contempor\u00e1neas, como Fernando Lapa o Paulo Bastos, incluyendo una obra dedicada al d\u00fao del compositor Miguel Carvalho.<\/p>\n\n\n\n<p>A trav\u00e9s de conciertos, grabaciones, clases magistrales y colaboraciones culturales, el proyecto pretende ampliar el reconocimiento internacional de la m\u00fasica portuguesa. El d\u00fao tambi\u00e9n se compromete con la formaci\u00f3n de nuevos p\u00fablicos, ofreciendo talleres y una plataforma de difusi\u00f3n de compositores emergentes.<\/p>\n\n\n\n<p>La gira de \u00abDo Miradouro\u00bb cuenta con el apoyo del Programa Iberm\u00fasicas a trav\u00e9s de su l\u00ednea \u00abApoyo a la circulaci\u00f3n de profesionales de la m\u00fasica\u00bb, convocatoria 2024.<\/p>\n\n\n\n<ul class=\"wp-block-list\">\n<li>17 de junio: St James&#8217;s Church Sussex Gardens, Londres, Reino Unido<\/li>\n\n\n\n<li>18 de junio: Maison du Portugal &#8211; Andr\u00e9 de Gouveia, Par\u00eds, Francia<\/li>\n\n\n\n<li>19 de junio: Clases experimentales y taller, Par\u00eds, Francia<\/li>\n<\/ul>\n","protected":false},"excerpt":{"rendered":"<p>El d\u00fao de flauta y piano \u00abDo Miradouro\u00bb se dedica a la difusi\u00f3n de la m\u00fasica portuguesa, combinando obras de compositores consagrados como Joly Braga Santos o Francis Poulenc con creaciones contempor\u00e1neas, como Fernando Lapa o Paulo Bastos, incluyendo una obra dedicada al d\u00fao del compositor Miguel Carvalho. A trav\u00e9s de conciertos, grabaciones, clases magistrales [&hellip;]<\/p>\n","protected":false},"author":7,"featured_media":24995,"comment_status":"closed","ping_status":"closed","sticky":false,"template":"","format":"standard","meta":{"footnotes":""},"categories":[53],"tags":[],"class_list":["post-24994","post","type-post","status-publish","format-standard","has-post-thumbnail","hentry","category-noticias-generales"],"lang":"es","translations":{"es":24994},"pll_sync_post":[],"post_mailing_queue_ids":[],"_links":{"self":[{"href":"http:\/\/staging.ibermusicas.org\/index.php\/wp-json\/wp\/v2\/posts\/24994","targetHints":{"allow":["GET"]}}],"collection":[{"href":"http:\/\/staging.ibermusicas.org\/index.php\/wp-json\/wp\/v2\/posts"}],"about":[{"href":"http:\/\/staging.ibermusicas.org\/index.php\/wp-json\/wp\/v2\/types\/post"}],"author":[{"embeddable":true,"href":"http:\/\/staging.ibermusicas.org\/index.php\/wp-json\/wp\/v2\/users\/7"}],"replies":[{"embeddable":true,"href":"http:\/\/staging.ibermusicas.org\/index.php\/wp-json\/wp\/v2\/comments?post=24994"}],"version-history":[{"count":1,"href":"http:\/\/staging.ibermusicas.org\/index.php\/wp-json\/wp\/v2\/posts\/24994\/revisions"}],"predecessor-version":[{"id":24996,"href":"http:\/\/staging.ibermusicas.org\/index.php\/wp-json\/wp\/v2\/posts\/24994\/revisions\/24996"}],"wp:featuredmedia":[{"embeddable":true,"href":"http:\/\/staging.ibermusicas.org\/index.php\/wp-json\/wp\/v2\/media\/24995"}],"wp:attachment":[{"href":"http:\/\/staging.ibermusicas.org\/index.php\/wp-json\/wp\/v2\/media?parent=24994"}],"wp:term":[{"taxonomy":"category","embeddable":true,"href":"http:\/\/staging.ibermusicas.org\/index.php\/wp-json\/wp\/v2\/categories?post=24994"},{"taxonomy":"post_tag","embeddable":true,"href":"http:\/\/staging.ibermusicas.org\/index.php\/wp-json\/wp\/v2\/tags?post=24994"}],"curies":[{"name":"wp","href":"https:\/\/api.w.org\/{rel}","templated":true}]}}