{"id":24997,"date":"2025-06-12T19:00:01","date_gmt":"2025-06-12T19:00:01","guid":{"rendered":"http:\/\/staging.ibermusicas.org\/?p=24997"},"modified":"2025-07-16T17:00:33","modified_gmt":"2025-07-16T17:00:33","slug":"o-duo-portugues-de-flauta-e-piano-do-miradouro-fara-apresentacoes-em-franca-e-o-reino-unido","status":"publish","type":"post","link":"http:\/\/staging.ibermusicas.org\/index.php\/o-duo-portugues-de-flauta-e-piano-do-miradouro-fara-apresentacoes-em-franca-e-o-reino-unido\/","title":{"rendered":"O duo portugu\u00eas de flauta e piano \u00abDo Miradouro\u00bb far\u00e1 apresenta\u00e7\u00f5es em Fran\u00e7a e o Reino Unido"},"content":{"rendered":"\n<p>O duo de flauta e piano \u00abDo Miradouro\u00bb dedica-se \u00e0 divulga\u00e7\u00e3o da m\u00fasica portuguesa, combinando obras de compositores consagrados como Joly Braga Santos ou Francis Poulenc com cria\u00e7\u00f5es contempor\u00e2neas, como Fernando Lapa ou Paulo Bastos, incluindo uma obra dedicada ao Duo do compositor Miguel Carvalho.<\/p>\n\n\n\n<p>Atrav\u00e9s de concertos, grava\u00e7\u00f5es, masterclasses e parcerias culturais, o projeto visa ampliar o reconhecimento internacional da m\u00fasica portuguesa. O duo tamb\u00e9m se compromete com a forma\u00e7\u00e3o de novas audi\u00eancias, proporcionando workshops e uma plataforma de divulga\u00e7\u00e3o de compositores emergentes.<\/p>\n\n\n\n<p>A digress\u00e3o do \u00abDo Miradouro\u00bb conta com o apoio do Programa Iberm\u00fasicas atrav\u00e9s da sua linha \u201cApoio \u00e0 circula\u00e7\u00e3o de profissionais da m\u00fasica\u201d, chamada 2024.<\/p>\n\n\n\n<ul class=\"wp-block-list\">\n<li>17 de junho: St James\u2019s Church Sussex Gardens, Londres, Reino Unido<\/li>\n\n\n\n<li>18 de junho: Maison du Portugal &#8211; Andr\u00e9 de Gouveia, Par\u00eds, Fran\u00e7a<\/li>\n\n\n\n<li>19 de junho: Aulas experimentais e workshop, Par\u00eds, Fran\u00e7a<\/li>\n<\/ul>\n","protected":false},"excerpt":{"rendered":"<p>O duo de flauta e piano \u00abDo Miradouro\u00bb dedica-se \u00e0 divulga\u00e7\u00e3o da m\u00fasica portuguesa, combinando obras de compositores consagrados como Joly Braga Santos ou Francis Poulenc com cria\u00e7\u00f5es contempor\u00e2neas, como Fernando Lapa ou Paulo Bastos, incluindo uma obra dedicada ao Duo do compositor Miguel Carvalho. Atrav\u00e9s de concertos, grava\u00e7\u00f5es, masterclasses e parcerias culturais, o projeto [&hellip;]<\/p>\n","protected":false},"author":7,"featured_media":24995,"comment_status":"closed","ping_status":"closed","sticky":false,"template":"","format":"standard","meta":{"footnotes":""},"categories":[218],"tags":[],"class_list":["post-24997","post","type-post","status-publish","format-standard","has-post-thumbnail","hentry","category-noticias-generales-pt"],"lang":"pt","translations":{"pt":24997},"pll_sync_post":[],"post_mailing_queue_ids":[],"_links":{"self":[{"href":"http:\/\/staging.ibermusicas.org\/index.php\/wp-json\/wp\/v2\/posts\/24997","targetHints":{"allow":["GET"]}}],"collection":[{"href":"http:\/\/staging.ibermusicas.org\/index.php\/wp-json\/wp\/v2\/posts"}],"about":[{"href":"http:\/\/staging.ibermusicas.org\/index.php\/wp-json\/wp\/v2\/types\/post"}],"author":[{"embeddable":true,"href":"http:\/\/staging.ibermusicas.org\/index.php\/wp-json\/wp\/v2\/users\/7"}],"replies":[{"embeddable":true,"href":"http:\/\/staging.ibermusicas.org\/index.php\/wp-json\/wp\/v2\/comments?post=24997"}],"version-history":[{"count":1,"href":"http:\/\/staging.ibermusicas.org\/index.php\/wp-json\/wp\/v2\/posts\/24997\/revisions"}],"predecessor-version":[{"id":24998,"href":"http:\/\/staging.ibermusicas.org\/index.php\/wp-json\/wp\/v2\/posts\/24997\/revisions\/24998"}],"wp:featuredmedia":[{"embeddable":true,"href":"http:\/\/staging.ibermusicas.org\/index.php\/wp-json\/wp\/v2\/media\/24995"}],"wp:attachment":[{"href":"http:\/\/staging.ibermusicas.org\/index.php\/wp-json\/wp\/v2\/media?parent=24997"}],"wp:term":[{"taxonomy":"category","embeddable":true,"href":"http:\/\/staging.ibermusicas.org\/index.php\/wp-json\/wp\/v2\/categories?post=24997"},{"taxonomy":"post_tag","embeddable":true,"href":"http:\/\/staging.ibermusicas.org\/index.php\/wp-json\/wp\/v2\/tags?post=24997"}],"curies":[{"name":"wp","href":"https:\/\/api.w.org\/{rel}","templated":true}]}}