{"id":24999,"date":"2025-06-12T19:02:07","date_gmt":"2025-06-12T19:02:07","guid":{"rendered":"http:\/\/staging.ibermusicas.org\/?p=24999"},"modified":"2025-07-16T17:02:36","modified_gmt":"2025-07-16T17:02:36","slug":"desde-uruguay-ino-guridi-y-krishna-della-valle-se-preparan-para-su-gira-2025-por-chile","status":"publish","type":"post","link":"http:\/\/staging.ibermusicas.org\/index.php\/desde-uruguay-ino-guridi-y-krishna-della-valle-se-preparan-para-su-gira-2025-por-chile\/","title":{"rendered":"Desde Uruguay, Ino Guridi y Krishna Della Valle, se preparan para su gira 2025 por Chile"},"content":{"rendered":"\n<p>Ino Guridi y Krishna Della Valle realizar\u00e1n una gira en formato d\u00fao por Santiago de Chile con el apoyo de Iberm\u00fasicas. Ser\u00e1 la segunda vez en el a\u00f1o que visitan el pa\u00eds. Nacida en Montevideo, Uruguay, Ino Guridi es artista y productora con m\u00e1s de 15 a\u00f1os de trayectoria. Con su primer proyecto \u201cIsla Panorama\u201d recorri\u00f3 diversos escenarios de Santiago de Chile y Buenos Aires.<\/p>\n\n\n\n<p>Su primer \u00e1lbum de estudio \u201cPasar\u00e1\u201d fue reconocido por la prensa nacional y extranjera como uno de los mejores de 2023, combinando elementos tradicionales de Uruguay como el candombe y la milonga, con el pop y la electr\u00f3nica. Disco que le vali\u00f3 dos nominaciones a los Premios Graffitti como Mejor \u00c1lbum de Pop Alternativo y Mejor Solista Femenina.<\/p>\n\n\n\n<p>Junto a Krishna Della Valle produjeron \u201cVigilia\u201d, su segundo \u00e1lbum de estudio a estrenarse en julio de 2025 por Little Butterfly Records.<\/p>\n\n\n\n<p>Esta gira de Ino Guridi y Krishna Della Valle se hace posible gracias al apoyo de Iberm\u00fasicas mediante su \u201cAyuda a la Circulaci\u00f3n de Profesionales de la M\u00fasica\u201d, convocatoria 2024.<\/p>\n\n\n\n<ul class=\"wp-block-list\">\n<li>26 de junio en \u201cCerros de Chena\u201d junto a Yoya Maskull<\/li>\n\n\n\n<li>27 de junio en \u201cCentro Perdido\u201d junto a Chicarica<\/li>\n<\/ul>\n","protected":false},"excerpt":{"rendered":"<p>Ino Guridi y Krishna Della Valle realizar\u00e1n una gira en formato d\u00fao por Santiago de Chile con el apoyo de Iberm\u00fasicas. Ser\u00e1 la segunda vez en el a\u00f1o que visitan el pa\u00eds. Nacida en Montevideo, Uruguay, Ino Guridi es artista y productora con m\u00e1s de 15 a\u00f1os de trayectoria. Con su primer proyecto \u201cIsla Panorama\u201d [&hellip;]<\/p>\n","protected":false},"author":7,"featured_media":25000,"comment_status":"closed","ping_status":"closed","sticky":false,"template":"","format":"standard","meta":{"footnotes":""},"categories":[53],"tags":[],"class_list":["post-24999","post","type-post","status-publish","format-standard","has-post-thumbnail","hentry","category-noticias-generales"],"lang":"es","translations":{"es":24999},"pll_sync_post":[],"post_mailing_queue_ids":[],"_links":{"self":[{"href":"http:\/\/staging.ibermusicas.org\/index.php\/wp-json\/wp\/v2\/posts\/24999","targetHints":{"allow":["GET"]}}],"collection":[{"href":"http:\/\/staging.ibermusicas.org\/index.php\/wp-json\/wp\/v2\/posts"}],"about":[{"href":"http:\/\/staging.ibermusicas.org\/index.php\/wp-json\/wp\/v2\/types\/post"}],"author":[{"embeddable":true,"href":"http:\/\/staging.ibermusicas.org\/index.php\/wp-json\/wp\/v2\/users\/7"}],"replies":[{"embeddable":true,"href":"http:\/\/staging.ibermusicas.org\/index.php\/wp-json\/wp\/v2\/comments?post=24999"}],"version-history":[{"count":1,"href":"http:\/\/staging.ibermusicas.org\/index.php\/wp-json\/wp\/v2\/posts\/24999\/revisions"}],"predecessor-version":[{"id":25001,"href":"http:\/\/staging.ibermusicas.org\/index.php\/wp-json\/wp\/v2\/posts\/24999\/revisions\/25001"}],"wp:featuredmedia":[{"embeddable":true,"href":"http:\/\/staging.ibermusicas.org\/index.php\/wp-json\/wp\/v2\/media\/25000"}],"wp:attachment":[{"href":"http:\/\/staging.ibermusicas.org\/index.php\/wp-json\/wp\/v2\/media?parent=24999"}],"wp:term":[{"taxonomy":"category","embeddable":true,"href":"http:\/\/staging.ibermusicas.org\/index.php\/wp-json\/wp\/v2\/categories?post=24999"},{"taxonomy":"post_tag","embeddable":true,"href":"http:\/\/staging.ibermusicas.org\/index.php\/wp-json\/wp\/v2\/tags?post=24999"}],"curies":[{"name":"wp","href":"https:\/\/api.w.org\/{rel}","templated":true}]}}