{"id":25002,"date":"2025-06-12T19:03:20","date_gmt":"2025-06-12T19:03:20","guid":{"rendered":"http:\/\/staging.ibermusicas.org\/?p=25002"},"modified":"2025-07-16T17:04:07","modified_gmt":"2025-07-16T17:04:07","slug":"do-uruguai-ino-guridi-e-krishna-della-valle-se-preparam-para-sua-turne-de-2025-pelo-chile","status":"publish","type":"post","link":"http:\/\/staging.ibermusicas.org\/index.php\/do-uruguai-ino-guridi-e-krishna-della-valle-se-preparam-para-sua-turne-de-2025-pelo-chile\/","title":{"rendered":"Do Uruguai, Ino Guridi e Krishna Della Valle se preparam para sua turn\u00ea de 2025 pelo Chile"},"content":{"rendered":"\n<p>Ino Guridi e Krishna Della Valle realizar\u00e3o uma turn\u00ea em dupla por Santiago do Chile com o apoio da Iberm\u00fasicas. Ser\u00e1 a segunda vez no ano que elas visitam o pa\u00eds. Nascida em Montevid\u00e9u, Uruguai, Ino Guridi \u00e9 artista e produtora com mais de 15 anos de carreira. Com seu primeiro projeto, \u201cIsla Panorama\u201d, ela percorreu diversos palcos de Santiago do Chile e Buenos Aires.<\/p>\n\n\n\n<p>Seu primeiro \u00e1lbum de est\u00fadio, \u201cPasar\u00e1\u201d, foi reconhecido pela imprensa nacional e internacional como um dos melhores de 2023, combinando elementos tradicionais do Uruguai, como o candombe e a milonga, com o pop e a m\u00fasica eletr\u00f4nica. O \u00e1lbum lhe rendeu duas indica\u00e7\u00f5es ao Pr\u00eamio Graffitti de Melhor \u00c1lbum de Pop Alternativo e Melhor Artista Feminina.<\/p>\n\n\n\n<p>Junto com Krishna Della Valle, produziu \u201cVigilia\u201d, seu segundo \u00e1lbum de est\u00fadio, a ser lan\u00e7ado em julho de 2025 pela Little Butterfly Records.<\/p>\n\n\n\n<p>Esta turn\u00ea de Ino Guridi e Krishna Della Valle \u00e9 poss\u00edvel gra\u00e7as ao apoio da Iberm\u00fasicas atrav\u00e9s do seu programa \u201cAjuda \u00e0 Circula\u00e7\u00e3o de Profissionais da M\u00fasica\u201d, convocat\u00f3ria 2024.<\/p>\n\n\n\n<ul class=\"wp-block-list\">\n<li>26 de junho em \u201cCerros de Chena\u201d com Yoya Maskull<\/li>\n\n\n\n<li>27 de junho no \u201cCentro Perdido\u201d com Chicarica<\/li>\n<\/ul>\n","protected":false},"excerpt":{"rendered":"<p>Ino Guridi e Krishna Della Valle realizar\u00e3o uma turn\u00ea em dupla por Santiago do Chile com o apoio da Iberm\u00fasicas. Ser\u00e1 a segunda vez no ano que elas visitam o pa\u00eds. Nascida em Montevid\u00e9u, Uruguai, Ino Guridi \u00e9 artista e produtora com mais de 15 anos de carreira. Com seu primeiro projeto, \u201cIsla Panorama\u201d, ela [&hellip;]<\/p>\n","protected":false},"author":7,"featured_media":25000,"comment_status":"closed","ping_status":"closed","sticky":false,"template":"","format":"standard","meta":{"footnotes":""},"categories":[218],"tags":[],"class_list":["post-25002","post","type-post","status-publish","format-standard","has-post-thumbnail","hentry","category-noticias-generales-pt"],"lang":"pt","translations":{"pt":25002},"pll_sync_post":[],"post_mailing_queue_ids":[],"_links":{"self":[{"href":"http:\/\/staging.ibermusicas.org\/index.php\/wp-json\/wp\/v2\/posts\/25002","targetHints":{"allow":["GET"]}}],"collection":[{"href":"http:\/\/staging.ibermusicas.org\/index.php\/wp-json\/wp\/v2\/posts"}],"about":[{"href":"http:\/\/staging.ibermusicas.org\/index.php\/wp-json\/wp\/v2\/types\/post"}],"author":[{"embeddable":true,"href":"http:\/\/staging.ibermusicas.org\/index.php\/wp-json\/wp\/v2\/users\/7"}],"replies":[{"embeddable":true,"href":"http:\/\/staging.ibermusicas.org\/index.php\/wp-json\/wp\/v2\/comments?post=25002"}],"version-history":[{"count":1,"href":"http:\/\/staging.ibermusicas.org\/index.php\/wp-json\/wp\/v2\/posts\/25002\/revisions"}],"predecessor-version":[{"id":25003,"href":"http:\/\/staging.ibermusicas.org\/index.php\/wp-json\/wp\/v2\/posts\/25002\/revisions\/25003"}],"wp:featuredmedia":[{"embeddable":true,"href":"http:\/\/staging.ibermusicas.org\/index.php\/wp-json\/wp\/v2\/media\/25000"}],"wp:attachment":[{"href":"http:\/\/staging.ibermusicas.org\/index.php\/wp-json\/wp\/v2\/media?parent=25002"}],"wp:term":[{"taxonomy":"category","embeddable":true,"href":"http:\/\/staging.ibermusicas.org\/index.php\/wp-json\/wp\/v2\/categories?post=25002"},{"taxonomy":"post_tag","embeddable":true,"href":"http:\/\/staging.ibermusicas.org\/index.php\/wp-json\/wp\/v2\/tags?post=25002"}],"curies":[{"name":"wp","href":"https:\/\/api.w.org\/{rel}","templated":true}]}}