{"id":25009,"date":"2025-06-12T19:12:52","date_gmt":"2025-06-12T19:12:52","guid":{"rendered":"http:\/\/staging.ibermusicas.org\/?p=25009"},"modified":"2025-07-16T17:14:22","modified_gmt":"2025-07-16T17:14:22","slug":"el-duo-panameno-monalisa-y-rodrigo-sera-parte-de-la-programacion-del-mercado-musical-camm-que-se-realizara-en-costa-rica","status":"publish","type":"post","link":"http:\/\/staging.ibermusicas.org\/index.php\/el-duo-panameno-monalisa-y-rodrigo-sera-parte-de-la-programacion-del-mercado-musical-camm-que-se-realizara-en-costa-rica\/","title":{"rendered":"El d\u00fao paname\u00f1o Monalisa y Rodrigo ser\u00e1 parte de la programaci\u00f3n del Mercado Musical CAMM que se realizar\u00e1 en Costa Rica"},"content":{"rendered":"\n<p>El d\u00fao paname\u00f1o Monalisa y Rodrigo, dedicado a la canci\u00f3n popular, estar\u00e1 llevando su arte y visi\u00f3n de inclusi\u00f3n a Costa Rica, pa\u00eds hermano y vecino de Panam\u00e1. Llevar\u00e1 su mensaje de inclusi\u00f3n y de amor manifestado por medio de conciertos, talleres y la participaci\u00f3n en CAMM, un importante mercado musical que presenta oportunidades \u00fanicas para el desarrollo de escena y enriquecimiento cultural de la regi\u00f3n centroamericana.<\/p>\n\n\n\n<p>Adem\u00e1s del concierto en CAMM, Monalisa y Rodrigo presentar\u00e1n talleres musicales destinados a j\u00f3venes de la regi\u00f3n. Durante estos tres d\u00edas de mercado, Monalisa y Rodrigo pretenden crear lazos s\u00f3lidos con programadores y artistas de la regi\u00f3n con el fin de crear redes de trabajo y asociaciones creativas.<\/p>\n\n\n\n<p>A trav\u00e9s de estos conciertos, talleres, y mercados, la intenci\u00f3n es desarrollar y fortalecer las escenas musicales de la regi\u00f3n, en especial para artistas emergentes. El intercambio cultural con una visi\u00f3n enfocada hacia la inclusi\u00f3n es parte central de esta iniciativa. Adem\u00e1s, el d\u00fao tambi\u00e9n realizar\u00e1 un taller para j\u00f3venes, que ser\u00e1 totalmente gratuito. En el mismo se abordar\u00e1 la m\u00fasica como instrumento de inclusi\u00f3n. Acto seguido, el d\u00fao impartir\u00e1 mini lecciones de guitarra, composici\u00f3n y canto en grupos peque\u00f1os.<\/p>\n\n\n\n<p>El Mercado Musical (CAMM) es el mercado de industria musical en la regi\u00f3n, dedicado a fortalecer y dinamizar el sector musical en los pa\u00edses que conforman Centroam\u00e9rica. Su misi\u00f3n es impulsar la negociaci\u00f3n, circulaci\u00f3n e intercambio de experiencias entre los apasionados actores musicales de Centro Am\u00e9rica e Iberoam\u00e9rica.<\/p>\n\n\n\n<p>Monalisa y Rodrigo se form\u00f3 como un d\u00fao de cantautores en 2014. Son reconocidos en su natal Panam\u00e1 como un destacado d\u00fao que promueve un mensaje de amor, diversidad e inclusi\u00f3n a trav\u00e9s de su m\u00fasica. Su \u00faltimo \u00e1lbum se titula Rub\u00e9n Blades Es Su Nombre (2023). A lo largo de 10 a\u00f1os de carrera, han sido finalistas del Concurso de Composici\u00f3n de Canciones John Lennon, as\u00ed como del Festival Internacional de la Canci\u00f3n de Punta del Este. Monalisa &amp; Rodrigo ha tenido el honor de abrir los shows de leyendas como Sin Bandera, Camila y Noel Shajris.<\/p>\n\n\n\n<p>Han sido cinco veces ganadores de premios y convocatorias de Iberm\u00fasicas. Estas actividades a realizarse en Costa Rica, tambi\u00e9n cuentan con el apoyo de Iberm\u00fasicas mediante su l\u00ednea de \u201cAyuda a la circulaci\u00f3n de profesionales de la m\u00fasica\u201d, convocatoria 2024.<\/p>\n\n\n\n<ul class=\"wp-block-list\">\n<li>Del 28 al 30 de junio en el Mercado Musical CAMM, San Jos\u00e9, Costa Rica<\/li>\n<\/ul>\n","protected":false},"excerpt":{"rendered":"<p>El d\u00fao paname\u00f1o Monalisa y Rodrigo, dedicado a la canci\u00f3n popular, estar\u00e1 llevando su arte y visi\u00f3n de inclusi\u00f3n a Costa Rica, pa\u00eds hermano y vecino de Panam\u00e1. Llevar\u00e1 su mensaje de inclusi\u00f3n y de amor manifestado por medio de conciertos, talleres y la participaci\u00f3n en CAMM, un importante mercado musical que presenta oportunidades \u00fanicas [&hellip;]<\/p>\n","protected":false},"author":7,"featured_media":25010,"comment_status":"closed","ping_status":"closed","sticky":false,"template":"","format":"standard","meta":{"footnotes":""},"categories":[53],"tags":[],"class_list":["post-25009","post","type-post","status-publish","format-standard","has-post-thumbnail","hentry","category-noticias-generales"],"lang":"es","translations":{"es":25009},"pll_sync_post":[],"post_mailing_queue_ids":[],"_links":{"self":[{"href":"http:\/\/staging.ibermusicas.org\/index.php\/wp-json\/wp\/v2\/posts\/25009","targetHints":{"allow":["GET"]}}],"collection":[{"href":"http:\/\/staging.ibermusicas.org\/index.php\/wp-json\/wp\/v2\/posts"}],"about":[{"href":"http:\/\/staging.ibermusicas.org\/index.php\/wp-json\/wp\/v2\/types\/post"}],"author":[{"embeddable":true,"href":"http:\/\/staging.ibermusicas.org\/index.php\/wp-json\/wp\/v2\/users\/7"}],"replies":[{"embeddable":true,"href":"http:\/\/staging.ibermusicas.org\/index.php\/wp-json\/wp\/v2\/comments?post=25009"}],"version-history":[{"count":1,"href":"http:\/\/staging.ibermusicas.org\/index.php\/wp-json\/wp\/v2\/posts\/25009\/revisions"}],"predecessor-version":[{"id":25011,"href":"http:\/\/staging.ibermusicas.org\/index.php\/wp-json\/wp\/v2\/posts\/25009\/revisions\/25011"}],"wp:featuredmedia":[{"embeddable":true,"href":"http:\/\/staging.ibermusicas.org\/index.php\/wp-json\/wp\/v2\/media\/25010"}],"wp:attachment":[{"href":"http:\/\/staging.ibermusicas.org\/index.php\/wp-json\/wp\/v2\/media?parent=25009"}],"wp:term":[{"taxonomy":"category","embeddable":true,"href":"http:\/\/staging.ibermusicas.org\/index.php\/wp-json\/wp\/v2\/categories?post=25009"},{"taxonomy":"post_tag","embeddable":true,"href":"http:\/\/staging.ibermusicas.org\/index.php\/wp-json\/wp\/v2\/tags?post=25009"}],"curies":[{"name":"wp","href":"https:\/\/api.w.org\/{rel}","templated":true}]}}