{"id":25012,"date":"2025-06-12T19:15:56","date_gmt":"2025-06-12T19:15:56","guid":{"rendered":"http:\/\/staging.ibermusicas.org\/?p=25012"},"modified":"2025-07-16T17:16:27","modified_gmt":"2025-07-16T17:16:27","slug":"a-dupla-panamenha-monalisa-e-rodrigo-fara-parte-da-programacao-do-mercado-musical-camm-que-sera-realizado-na-costa-rica","status":"publish","type":"post","link":"http:\/\/staging.ibermusicas.org\/index.php\/a-dupla-panamenha-monalisa-e-rodrigo-fara-parte-da-programacao-do-mercado-musical-camm-que-sera-realizado-na-costa-rica\/","title":{"rendered":"A dupla panamenha Monalisa e Rodrigo far\u00e1 parte da programa\u00e7\u00e3o do Mercado Musical CAMM, que ser\u00e1 realizado na Costa Rica"},"content":{"rendered":"\n<p>A dupla panamenha Monalisa e Rodrigo, dedicada \u00e0 m\u00fasica popular, levar\u00e1 sua arte e vis\u00e3o de inclus\u00e3o \u00e0 Costa Rica, pa\u00eds irm\u00e3o e vizinho do Panam\u00e1. Eles levar\u00e3o sua mensagem de inclus\u00e3o e amor por meio de concertos, workshops e participa\u00e7\u00e3o no CAMM, um importante mercado musical que apresenta oportunidades \u00fanicas para o desenvolvimento da cena musical e o enriquecimento cultural da regi\u00e3o centro-americana.<\/p>\n\n\n\n<p>Al\u00e9m do concerto no CAMM, Monalisa e Rodrigo apresentar\u00e3o workshops musicais destinados a jovens da regi\u00e3o. Durante esses tr\u00eas dias de mercado, Monalisa e Rodrigo pretendem criar la\u00e7os s\u00f3lidos com programadores e artistas da regi\u00e3o, com o objetivo de criar redes de trabalho e parcerias criativas.<\/p>\n\n\n\n<p>Atrav\u00e9s desses concertos, workshops e mercados, a inten\u00e7\u00e3o \u00e9 desenvolver e fortalecer as cenas musicais da regi\u00e3o, especialmente para artistas emergentes.<\/p>\n\n\n\n<p>O interc\u00e2mbio cultural com uma vis\u00e3o voltada para a inclus\u00e3o \u00e9 parte central desta iniciativa. Al\u00e9m disso, a dupla tamb\u00e9m realizar\u00e1 uma oficina para jovens, que ser\u00e1 totalmente gratuita. Nela, ser\u00e1 abordada a m\u00fasica como instrumento de inclus\u00e3o. Em seguida, a dupla ministrar\u00e1 mini aulas de viol\u00e3o, composi\u00e7\u00e3o e canto em pequenos grupos.<\/p>\n\n\n\n<p>O Mercado Musical (CAMM) \u00e9 o mercado da ind\u00fastria musical da regi\u00e3o, dedicado a fortalecer e dinamizar o setor musical nos pa\u00edses que comp\u00f5em a Am\u00e9rica Central. Sua miss\u00e3o \u00e9 promover a negocia\u00e7\u00e3o, a circula\u00e7\u00e3o e o interc\u00e2mbio de experi\u00eancias entre os apaixonados pela m\u00fasica da Am\u00e9rica Central e da Am\u00e9rica Latina.<\/p>\n\n\n\n<p>Monalisa e Rodrigo formaram uma dupla de cantores e compositores em 2014. Eles s\u00e3o reconhecidos em seu pa\u00eds natal, o Panam\u00e1, como uma dupla de destaque que promove uma mensagem de amor, diversidade e inclus\u00e3o atrav\u00e9s de sua m\u00fasica. Seu \u00faltimo \u00e1lbum se chama Rub\u00e9n Blades Es Su Nombre (2023). Ao longo de 10 anos de carreira, foram finalistas do Concurso de Composi\u00e7\u00e3o de Can\u00e7\u00f5es John Lennon, bem como do Festival Internacional de Can\u00e7\u00e3o de Punta del Este. Monalisa &amp; Rodrigo tiveram a honra de abrir os shows de lendas como Sin Bandera, Camila e Noel Shajris.<\/p>\n\n\n\n<p>Foram cinco vezes vencedores de pr\u00eamios e concursos da Iberm\u00fasicas. Essas atividades, a serem realizadas na Costa Rica, tamb\u00e9m contam com o apoio da Iberm\u00fasicas por meio de sua linha \u201cApoio \u00e0 circula\u00e7\u00e3o de profissionais da m\u00fasica\u201d, convocat\u00f3ria 2024.<\/p>\n\n\n\n<ul class=\"wp-block-list\">\n<li>De 28 a 30 de junho no Mercado Musical CAMM, San Jos\u00e9, Costa Rica.<\/li>\n<\/ul>\n","protected":false},"excerpt":{"rendered":"<p>A dupla panamenha Monalisa e Rodrigo, dedicada \u00e0 m\u00fasica popular, levar\u00e1 sua arte e vis\u00e3o de inclus\u00e3o \u00e0 Costa Rica, pa\u00eds irm\u00e3o e vizinho do Panam\u00e1. Eles levar\u00e3o sua mensagem de inclus\u00e3o e amor por meio de concertos, workshops e participa\u00e7\u00e3o no CAMM, um importante mercado musical que apresenta oportunidades \u00fanicas para o desenvolvimento da [&hellip;]<\/p>\n","protected":false},"author":7,"featured_media":25010,"comment_status":"closed","ping_status":"closed","sticky":false,"template":"","format":"standard","meta":{"footnotes":""},"categories":[218],"tags":[],"class_list":["post-25012","post","type-post","status-publish","format-standard","has-post-thumbnail","hentry","category-noticias-generales-pt"],"lang":"pt","translations":{"pt":25012},"pll_sync_post":[],"post_mailing_queue_ids":[],"_links":{"self":[{"href":"http:\/\/staging.ibermusicas.org\/index.php\/wp-json\/wp\/v2\/posts\/25012","targetHints":{"allow":["GET"]}}],"collection":[{"href":"http:\/\/staging.ibermusicas.org\/index.php\/wp-json\/wp\/v2\/posts"}],"about":[{"href":"http:\/\/staging.ibermusicas.org\/index.php\/wp-json\/wp\/v2\/types\/post"}],"author":[{"embeddable":true,"href":"http:\/\/staging.ibermusicas.org\/index.php\/wp-json\/wp\/v2\/users\/7"}],"replies":[{"embeddable":true,"href":"http:\/\/staging.ibermusicas.org\/index.php\/wp-json\/wp\/v2\/comments?post=25012"}],"version-history":[{"count":1,"href":"http:\/\/staging.ibermusicas.org\/index.php\/wp-json\/wp\/v2\/posts\/25012\/revisions"}],"predecessor-version":[{"id":25013,"href":"http:\/\/staging.ibermusicas.org\/index.php\/wp-json\/wp\/v2\/posts\/25012\/revisions\/25013"}],"wp:featuredmedia":[{"embeddable":true,"href":"http:\/\/staging.ibermusicas.org\/index.php\/wp-json\/wp\/v2\/media\/25010"}],"wp:attachment":[{"href":"http:\/\/staging.ibermusicas.org\/index.php\/wp-json\/wp\/v2\/media?parent=25012"}],"wp:term":[{"taxonomy":"category","embeddable":true,"href":"http:\/\/staging.ibermusicas.org\/index.php\/wp-json\/wp\/v2\/categories?post=25012"},{"taxonomy":"post_tag","embeddable":true,"href":"http:\/\/staging.ibermusicas.org\/index.php\/wp-json\/wp\/v2\/tags?post=25012"}],"curies":[{"name":"wp","href":"https:\/\/api.w.org\/{rel}","templated":true}]}}