{"id":25019,"date":"2025-06-12T19:24:27","date_gmt":"2025-06-12T19:24:27","guid":{"rendered":"http:\/\/staging.ibermusicas.org\/?p=25019"},"modified":"2025-07-16T17:28:18","modified_gmt":"2025-07-16T17:28:18","slug":"le-damos-la-bienvenida-a-el-salvador-como-nuevo-miembro-pleno-del-programa-ibermusicas","status":"publish","type":"post","link":"http:\/\/staging.ibermusicas.org\/index.php\/le-damos-la-bienvenida-a-el-salvador-como-nuevo-miembro-pleno-del-programa-ibermusicas\/","title":{"rendered":"Le damos la bienvenida a El Salvador como nuevo miembro pleno del Programa Iberm\u00fasicas"},"content":{"rendered":"\n<p>Hoy tenemos la enorme alegr\u00eda de anunciar a toda la comunidad musical iberoamericana el ingreso de El Salvador como nuevo miembro pleno del Programa Iberm\u00fasicas. A partir de este d\u00eda nuestro programa pasa a estar integrado por diecis\u00e9is pa\u00edses, junto a los pa\u00edses asociados, dispuestos a seguir trabajando denodadamente en pos del crecimiento, el desarrollo y la expansi\u00f3n internacional de nuestro poderoso sector musical iberoamericano.<\/p>\n\n\n\n<p>El arribo de El Salvador a Iberm\u00fasicas marca un nuevo hito en la vida de nuestro Programa. La cooperaci\u00f3n, la circulaci\u00f3n, el intercambio de saberes y las infinitas posibilidades que la creaci\u00f3n art\u00edstica despliega, contin\u00faan expandi\u00e9ndose hacia nuevos y cada vez m\u00e1s amplios horizontes. Desde hoy no s\u00f3lo somos m\u00e1s, sino que nuestros lazos de hermandad se hacen m\u00e1s fuertes y profundos.<\/p>\n\n\n\n<p>Abrazamos con enorme cari\u00f1o y gran ilusi\u00f3n a nuestras nuevas amigas y nuevos amigos de toda la comunidad musical salvadore\u00f1a.<\/p>\n\n\n\n<p>\u00a1Bienvenidas y bienvenidos a Iberm\u00fasicas!<\/p>\n","protected":false},"excerpt":{"rendered":"<p>Hoy tenemos la enorme alegr\u00eda de anunciar a toda la comunidad musical iberoamericana el ingreso de El Salvador como nuevo miembro pleno del Programa Iberm\u00fasicas. A partir de este d\u00eda nuestro programa pasa a estar integrado por diecis\u00e9is pa\u00edses, junto a los pa\u00edses asociados, dispuestos a seguir trabajando denodadamente en pos del crecimiento, el desarrollo [&hellip;]<\/p>\n","protected":false},"author":7,"featured_media":25020,"comment_status":"closed","ping_status":"closed","sticky":false,"template":"","format":"standard","meta":{"footnotes":""},"categories":[53,52,48],"tags":[],"class_list":["post-25019","post","type-post","status-publish","format-standard","has-post-thumbnail","hentry","category-noticias-generales","category-noticias-ibermusicas","category-noticias-rotativas"],"lang":"es","translations":{"es":25019},"pll_sync_post":[],"post_mailing_queue_ids":[],"_links":{"self":[{"href":"http:\/\/staging.ibermusicas.org\/index.php\/wp-json\/wp\/v2\/posts\/25019","targetHints":{"allow":["GET"]}}],"collection":[{"href":"http:\/\/staging.ibermusicas.org\/index.php\/wp-json\/wp\/v2\/posts"}],"about":[{"href":"http:\/\/staging.ibermusicas.org\/index.php\/wp-json\/wp\/v2\/types\/post"}],"author":[{"embeddable":true,"href":"http:\/\/staging.ibermusicas.org\/index.php\/wp-json\/wp\/v2\/users\/7"}],"replies":[{"embeddable":true,"href":"http:\/\/staging.ibermusicas.org\/index.php\/wp-json\/wp\/v2\/comments?post=25019"}],"version-history":[{"count":1,"href":"http:\/\/staging.ibermusicas.org\/index.php\/wp-json\/wp\/v2\/posts\/25019\/revisions"}],"predecessor-version":[{"id":25021,"href":"http:\/\/staging.ibermusicas.org\/index.php\/wp-json\/wp\/v2\/posts\/25019\/revisions\/25021"}],"wp:featuredmedia":[{"embeddable":true,"href":"http:\/\/staging.ibermusicas.org\/index.php\/wp-json\/wp\/v2\/media\/25020"}],"wp:attachment":[{"href":"http:\/\/staging.ibermusicas.org\/index.php\/wp-json\/wp\/v2\/media?parent=25019"}],"wp:term":[{"taxonomy":"category","embeddable":true,"href":"http:\/\/staging.ibermusicas.org\/index.php\/wp-json\/wp\/v2\/categories?post=25019"},{"taxonomy":"post_tag","embeddable":true,"href":"http:\/\/staging.ibermusicas.org\/index.php\/wp-json\/wp\/v2\/tags?post=25019"}],"curies":[{"name":"wp","href":"https:\/\/api.w.org\/{rel}","templated":true}]}}