{"id":25024,"date":"2025-06-12T19:31:53","date_gmt":"2025-06-12T19:31:53","guid":{"rendered":"http:\/\/staging.ibermusicas.org\/?p=25024"},"modified":"2025-07-16T18:32:20","modified_gmt":"2025-07-16T18:32:20","slug":"tendra-lugar-el-estreno-de-entre-cantos-y-poesia-obra-de-carlos-coco-llaque-ganadora-del-premio-peru-ibermusicas-100-anos-del-nacimiento-de-nicomedes-santa-cruz","status":"publish","type":"post","link":"http:\/\/staging.ibermusicas.org\/index.php\/tendra-lugar-el-estreno-de-entre-cantos-y-poesia-obra-de-carlos-coco-llaque-ganadora-del-premio-peru-ibermusicas-100-anos-del-nacimiento-de-nicomedes-santa-cruz\/","title":{"rendered":"Tendr\u00e1 lugar el estreno de \u201cEntre cantos y poes\u00eda\u201d obra de Carlos \u201cCoco\u201d Llaque ganadora del Premio Per\u00fa &#8211; Iberm\u00fasicas, 100 a\u00f1os del nacimiento de Nicomedes Santa Cruz &#8211; Creaci\u00f3n de canci\u00f3n en d\u00e9cimas"},"content":{"rendered":"\n<p>Conmemorando los cien a\u00f1os del nacimiento de uno de los mayores artistas peruanos de la historia y celebrando su vasta obra y su legado inmortal como folclorista y pensador que impuls\u00f3 la reivindicaci\u00f3n de la cultura y los derechos de la comunidad afroperuana, junto con la finalidad de impulsar y promover la creaci\u00f3n de m\u00fasica popular para contribuir as\u00ed a la ampliaci\u00f3n del repertorio iberoamericano en sus diferentes g\u00e9neros e incentivar estas actividades con plena libertad creativa, Iberm\u00fasicas y el Ministerio de Cultura del Per\u00fa propusieron el \u201cConcurso Iberoamericano 100 a\u00f1os del nacimiento de Nicomedes Santa Cruz &#8211; Creaci\u00f3n de Canci\u00f3n en d\u00e9cima\u201d, mediante el cual se premi\u00f3 la creaci\u00f3n de una canci\u00f3n inspirada en la obra musical de Nicomedes Santa Cruz.<\/p>\n\n\n\n<p>Fueron presentadas al concurso 41 obras de 8 pa\u00edses diferentes. La obra que result\u00f3 ganadora fue \u201cEntre cantos y poes\u00eda\u201d de Carlos \u201cCoco\u201d Llaque (Per\u00fa).<\/p>\n\n\n\n<p class=\"has-text-align-center\"><em>\u2018Entre cantos y poes\u00eda\u2019<\/em><br><em>tributa con pie forzado<\/em><br><em>que cien a\u00f1os han pasado<\/em><br><em>de tan venturoso d\u00eda.<\/em><br><em>La canci\u00f3n se algarab\u00eda<\/em><br><em>en un preciado bagaje.<\/em><br><em>En su ritmo hay un linaje,<\/em><br><em>su melod\u00eda es ritual,<\/em><br><em>su car\u00e1cter, ancestral<\/em><br><em>y su letra, un homenaje.<\/em><\/p>\n\n\n\n<p>Carlos \u201cCoco\u201d Llaque naci\u00f3 en Lima en 1970. Cuenta con m\u00e1s de 20 a\u00f1os de experiencia profesional como productor de eventos corporativos, eventos culturales y congresos internacionales. Es compositor, decimista, sonetista, realizador del microdocumental &#8216;Somos Guzm\u00e1n&#8217; (2021). Estudi\u00f3 m\u00fasica y guitarra con Carlos Hayre y Jorge Madue\u00f1o. En los noventa fue miembro fundador de la tuna de la Universidad de Lima y de los cuartetos de m\u00fasica latinoamericana &#8216;Tampu&#8217; y &#8216;Ca\u00f1a y Madera&#8217;. En esta misma \u00e9poca sus composiciones ganaron tres Concursos de Canci\u00f3n por la Paz; y representaron al Per\u00fa en el Concurso Internacional Les Decouvertes 94 organizado por Radio Francia Internacional. Fue ganador del concurso Retos de Creaci\u00f3n: &#8216;A capela&#8217;, organizado por el Centro Cultural de la Universidad de Lima (2021).&nbsp; Es fundador y productor general de la asociaci\u00f3n &#8216;Jarana de los Bachiches&#8217; que en 2022 obtuvo un reconocimiento del Congreso de la Rep\u00fablica por su invaluable aporte en la creaci\u00f3n y difusi\u00f3n de la m\u00fasica criolla.<\/p>\n\n\n\n<p>En 2024 lanz\u00f3 su primera producci\u00f3n discogr\u00e1fica, &#8216;Dejar el alma en cada canci\u00f3n&#8217;, con 10 de sus composiciones en ritmos peruanos de la costa, ejecutadas por 36 artistas del mundo criollo<strong>.<\/strong><\/p>\n\n\n\n<p><em>\u201cPara m\u00ed este trabajo es de especial importancia porque me ha permitido sintetizar mi pasi\u00f3n por la poes\u00eda m\u00e9trica popular, con los ritmos y sonidos afroperuanos de la costa del Per\u00fa. Es un gran honor que mi homenaje a la obra de don Nicomedes Santa Cruz haya sido seleccionado para el Premio Per\u00fa &#8211; Iberm\u00fasicas, 100 a\u00f1os del nacimiento de Nicomedes Santa Cruz &#8211; Creaci\u00f3n de canci\u00f3n en d\u00e9cimas. Felicito a todos los concursantes y espero que podamos disfrutar de los diferentes temas presentados.\u201d <\/em>Coco Llaque<\/p>\n\n\n\n<ul class=\"wp-block-list\">\n<li>27 de junio, a cargo del Ballet Folcl\u00f3rico Nacional, en el marco de las actividades del Festival Nicomedes Santa Cruz<\/li>\n<\/ul>\n","protected":false},"excerpt":{"rendered":"<p>Conmemorando los cien a\u00f1os del nacimiento de uno de los mayores artistas peruanos de la historia y celebrando su vasta obra y su legado inmortal como folclorista y pensador que impuls\u00f3 la reivindicaci\u00f3n de la cultura y los derechos de la comunidad afroperuana, junto con la finalidad de impulsar y promover la creaci\u00f3n de m\u00fasica [&hellip;]<\/p>\n","protected":false},"author":7,"featured_media":25025,"comment_status":"closed","ping_status":"closed","sticky":false,"template":"","format":"standard","meta":{"footnotes":""},"categories":[53],"tags":[],"class_list":["post-25024","post","type-post","status-publish","format-standard","has-post-thumbnail","hentry","category-noticias-generales"],"lang":"es","translations":{"es":25024},"pll_sync_post":[],"post_mailing_queue_ids":[],"_links":{"self":[{"href":"http:\/\/staging.ibermusicas.org\/index.php\/wp-json\/wp\/v2\/posts\/25024","targetHints":{"allow":["GET"]}}],"collection":[{"href":"http:\/\/staging.ibermusicas.org\/index.php\/wp-json\/wp\/v2\/posts"}],"about":[{"href":"http:\/\/staging.ibermusicas.org\/index.php\/wp-json\/wp\/v2\/types\/post"}],"author":[{"embeddable":true,"href":"http:\/\/staging.ibermusicas.org\/index.php\/wp-json\/wp\/v2\/users\/7"}],"replies":[{"embeddable":true,"href":"http:\/\/staging.ibermusicas.org\/index.php\/wp-json\/wp\/v2\/comments?post=25024"}],"version-history":[{"count":1,"href":"http:\/\/staging.ibermusicas.org\/index.php\/wp-json\/wp\/v2\/posts\/25024\/revisions"}],"predecessor-version":[{"id":25026,"href":"http:\/\/staging.ibermusicas.org\/index.php\/wp-json\/wp\/v2\/posts\/25024\/revisions\/25026"}],"wp:featuredmedia":[{"embeddable":true,"href":"http:\/\/staging.ibermusicas.org\/index.php\/wp-json\/wp\/v2\/media\/25025"}],"wp:attachment":[{"href":"http:\/\/staging.ibermusicas.org\/index.php\/wp-json\/wp\/v2\/media?parent=25024"}],"wp:term":[{"taxonomy":"category","embeddable":true,"href":"http:\/\/staging.ibermusicas.org\/index.php\/wp-json\/wp\/v2\/categories?post=25024"},{"taxonomy":"post_tag","embeddable":true,"href":"http:\/\/staging.ibermusicas.org\/index.php\/wp-json\/wp\/v2\/tags?post=25024"}],"curies":[{"name":"wp","href":"https:\/\/api.w.org\/{rel}","templated":true}]}}