{"id":25027,"date":"2025-06-12T19:33:26","date_gmt":"2025-06-12T19:33:26","guid":{"rendered":"http:\/\/staging.ibermusicas.org\/?p=25027"},"modified":"2025-07-16T18:33:53","modified_gmt":"2025-07-16T18:33:53","slug":"sera-realizada-a-estreia-de-entre-cantos-y-poesia-obra-de-carlos-coco-llaque-vencedora-do-premio-peru-ibermusicas-100-anos-do-nascimento-de-nicomedes-santa-cru","status":"publish","type":"post","link":"http:\/\/staging.ibermusicas.org\/index.php\/sera-realizada-a-estreia-de-entre-cantos-y-poesia-obra-de-carlos-coco-llaque-vencedora-do-premio-peru-ibermusicas-100-anos-do-nascimento-de-nicomedes-santa-cru\/","title":{"rendered":"Ser\u00e1 realizada a estreia de \u201cEntre cantos y poes\u00eda\u201d, obra de Carlos \u201cCoco\u201d Llaque, vencedora do Pr\u00e9mio Peru &#8211; Iberm\u00fasicas, 100 anos do nascimento de Nicomedes Santa Cruz &#8211; Cria\u00e7\u00e3o de can\u00e7\u00e3o em d\u00e9cimas"},"content":{"rendered":"\n<p>Comemorando os cem anos do nascimento de um dos maiores artistas peruanos da hist\u00f3ria e celebrando a sua vasta obra e o seu legado imortal como folclorista e pensador que impulsionou a reivindica\u00e7\u00e3o da cultura e dos direitos da comunidade afro-peruana, juntamente com o objetivo de impulsionar e promover a cria\u00e7\u00e3o de m\u00fasica popular para contribuir assim para a amplia\u00e7\u00e3o do repert\u00f3rio ibero-americano em seus diferentes g\u00eaneros e incentivar essas atividades com plena liberdade criativa, o Iberm\u00fasicas e o Minist\u00e9rio de Cultura del Per\u00fa propuseram o \u201cConcurso Ibero-Americano 100 anos do nascimento de Nicomedes Santa Cruz &#8211; Cria\u00e7\u00e3o de Can\u00e7\u00e3o em d\u00e9cimas\u201d, atrav\u00e9s do qual foi premiada a cria\u00e7\u00e3o de uma can\u00e7\u00e3o inspirada na obra musical de Nicomedes Santa Cruz.<\/p>\n\n\n\n<p>Foram apresentadas ao concurso 41 obras de 8 pa\u00edses diferentes. A obra vencedora foi \u201cEntre cantos y poes\u00eda\u201d, de Carlos \u201cCoco\u201d Llaque (Peru).<\/p>\n\n\n\n<p class=\"has-text-align-center\"><em>&#8216;Entre cantos y poes\u00eda&#8217;<\/em><br><em>homenageia em p\u00e9 for\u00e7ado<\/em><br><em>que cem anos tem passado<\/em><br><em>desde aquele feliz dia<\/em><br><em>A can\u00e7\u00e3o traz alegria<\/em><br><em>e uma preciosa bagagem.<\/em><br><em>Em seu ritmo uma linhagem,<\/em><br><em>sua melodia \u00e9 ritual,<\/em><br><em>seu car\u00e1ter, ancestral<\/em><br><em>e sua letra, uma homenagem.<\/em><\/p>\n\n\n\n<p>Carlos \u201cCoco\u201d Llaque nasceu em Lima em 1970. Possui mais de 20 anos de experi\u00eancia profissional como produtor de eventos corporativos, eventos culturais e congressos internacionais. \u00c9 compositor, decimista, sonetista e realizador do microdocument\u00e1rio \u201cSomos Guzm\u00e1n\u201d (2021). Estudou m\u00fasica e guitarra com Carlos Hayre e Jorge Madue\u00f1o. Nos anos 90, foi membro fundador da tuna da Universidade de Lima e dos quartetos de m\u00fasica latino-americana \u00abTampu\u00bb e \u00abCa\u00f1a y Madera\u00bb. Nessa mesma \u00e9poca, as suas composi\u00e7\u00f5es ganharam tr\u00eas Concursos de Can\u00e7\u00e3o pela Paz e representaram o Peru no Concurso Internacional Les Decouvertes 94, organizado pela Radio France Internationale. Foi vencedor do concurso Retos de Cria\u00e7\u00e3o: &#8216;A capela&#8217;, organizado pelo Centro Cultural da Universidade de Lima (2021). \u00c9 fundador e produtor geral da associa\u00e7\u00e3o &#8216;Jarana de los Bachiches&#8217;, que em 2022 recebeu um reconhecimento do Congresso da Rep\u00fablica pelo seu inestim\u00e1vel contributo na cria\u00e7\u00e3o e divulga\u00e7\u00e3o da m\u00fasica crioula.<\/p>\n\n\n\n<p>Em 2024, lan\u00e7ou o seu primeiro \u00e1lbum, &#8216;Dejar el alma en cada canci\u00f3n&#8217;, com 10 das suas composi\u00e7\u00f5es em ritmos peruanos da costa, interpretadas por 36 artistas do mundo crioulo.<\/p>\n\n\n\n<p><em>\u00abPara mim, este trabalho \u00e9 de especial import\u00e2ncia porque me permitiu sintetizar a minha paix\u00e3o pela poesia m\u00e9trica popular com os ritmos e sons afro-peruanos da costa do Peru. \u00c9 uma grande honra que a minha homenagem \u00e0 obra de Don Nicomedes Santa Cruz tenha sido selecionada para o Pr\u00e9mio Peru &#8211; Iberm\u00fasicas, 100 anos do nascimento de Nicomedes Santa Cruz &#8211; Cria\u00e7\u00e3o de can\u00e7\u00f5es em d\u00e9cimas. Parabenizo todos os concorrentes e espero que possamos apreciar os diferentes temas apresentados.\u201d<\/em> Coco Llaque<\/p>\n\n\n\n<ul class=\"wp-block-list\">\n<li>27 de junho, a cargo do Ballet Folcl\u00f3rico Nacional, no \u00e2mbito das atividades do Festival Nicomedes Santa Cruz<\/li>\n<\/ul>\n","protected":false},"excerpt":{"rendered":"<p>Comemorando os cem anos do nascimento de um dos maiores artistas peruanos da hist\u00f3ria e celebrando a sua vasta obra e o seu legado imortal como folclorista e pensador que impulsionou a reivindica\u00e7\u00e3o da cultura e dos direitos da comunidade afro-peruana, juntamente com o objetivo de impulsionar e promover a cria\u00e7\u00e3o de m\u00fasica popular para [&hellip;]<\/p>\n","protected":false},"author":7,"featured_media":25025,"comment_status":"closed","ping_status":"closed","sticky":false,"template":"","format":"standard","meta":{"footnotes":""},"categories":[218],"tags":[],"class_list":["post-25027","post","type-post","status-publish","format-standard","has-post-thumbnail","hentry","category-noticias-generales-pt"],"lang":"pt","translations":{"pt":25027},"pll_sync_post":[],"post_mailing_queue_ids":[],"_links":{"self":[{"href":"http:\/\/staging.ibermusicas.org\/index.php\/wp-json\/wp\/v2\/posts\/25027","targetHints":{"allow":["GET"]}}],"collection":[{"href":"http:\/\/staging.ibermusicas.org\/index.php\/wp-json\/wp\/v2\/posts"}],"about":[{"href":"http:\/\/staging.ibermusicas.org\/index.php\/wp-json\/wp\/v2\/types\/post"}],"author":[{"embeddable":true,"href":"http:\/\/staging.ibermusicas.org\/index.php\/wp-json\/wp\/v2\/users\/7"}],"replies":[{"embeddable":true,"href":"http:\/\/staging.ibermusicas.org\/index.php\/wp-json\/wp\/v2\/comments?post=25027"}],"version-history":[{"count":1,"href":"http:\/\/staging.ibermusicas.org\/index.php\/wp-json\/wp\/v2\/posts\/25027\/revisions"}],"predecessor-version":[{"id":25028,"href":"http:\/\/staging.ibermusicas.org\/index.php\/wp-json\/wp\/v2\/posts\/25027\/revisions\/25028"}],"wp:featuredmedia":[{"embeddable":true,"href":"http:\/\/staging.ibermusicas.org\/index.php\/wp-json\/wp\/v2\/media\/25025"}],"wp:attachment":[{"href":"http:\/\/staging.ibermusicas.org\/index.php\/wp-json\/wp\/v2\/media?parent=25027"}],"wp:term":[{"taxonomy":"category","embeddable":true,"href":"http:\/\/staging.ibermusicas.org\/index.php\/wp-json\/wp\/v2\/categories?post=25027"},{"taxonomy":"post_tag","embeddable":true,"href":"http:\/\/staging.ibermusicas.org\/index.php\/wp-json\/wp\/v2\/tags?post=25027"}],"curies":[{"name":"wp","href":"https:\/\/api.w.org\/{rel}","templated":true}]}}