{"id":25029,"date":"2025-06-12T19:36:55","date_gmt":"2025-06-12T19:36:55","guid":{"rendered":"http:\/\/staging.ibermusicas.org\/?p=25029"},"modified":"2025-07-16T18:41:46","modified_gmt":"2025-07-16T18:41:46","slug":"ya-estan-habilitados-en-la-web-de-ibermusicas-los-formularios-de-postulacion-para-la-presentacion-de-propuestas-a-la-convocatoria-2025","status":"publish","type":"post","link":"http:\/\/staging.ibermusicas.org\/index.php\/ya-estan-habilitados-en-la-web-de-ibermusicas-los-formularios-de-postulacion-para-la-presentacion-de-propuestas-a-la-convocatoria-2025\/","title":{"rendered":"Ya est\u00e1n habilitados en la web de Iberm\u00fasicas los formularios de postulaci\u00f3n para la presentaci\u00f3n de propuestas a la convocatoria 2025"},"content":{"rendered":"\n<p>A partir del lunes 16 de junio se encuentran habilitados todos los formularios de postulaci\u00f3n de nuestras Convocatorias y Premios para proyectos a realizarse en 2026.<\/p>\n\n\n\n<p>Los formularios de aplicaci\u00f3n de las convocatorias Proyecto Especial de sinergia Iberm\u00fasicas-Mid Atlantic Arts, cerrar\u00e1n el 15 de septiembre a las 23:59 de cada pa\u00eds y no se aceptar\u00e1n solicitudes extempor\u00e1neas. Todos los formularios de las convocatorias y premios restantes, cerrar\u00e1n el d\u00eda 1\u00ba de octubre a las 23:59 de cada pa\u00eds y no se aceptar\u00e1n solicitudes extempor\u00e1neas.<\/p>\n\n\n\n<p>Es importante tener presente que los formularios de aplicaci\u00f3n cuentan con la posibilidad de guardar la informaci\u00f3n que se vaya cargando en formato borrador, lo que facilita el trabajo y permite iniciar la carga del proyecto aunque no se cuente con todos los documentos necesarios. Recomendamos utilizar esta modalidad a fin de familiarizarse con los procesos de candidatura.<\/p>\n\n\n\n<p>A la vez, se debe tener presente que es muy desaconsejable realizar la postulaci\u00f3n el \u00faltimo d\u00eda, dado que:<\/p>\n\n\n\n<p>\u25cf pueden encontrar a \u00faltimo momento alg\u00fan requisito en el cual no hab\u00edan reparado antes y ya no contar con el tiempo suficiente para cumplimentarlo<br>\u25cf el tr\u00e1fico de la web puede sufrir complicaciones y presentar dificultades<\/p>\n\n\n\n<p>El personal de la Unidad T\u00e9cnica Iberm\u00fasicas est\u00e1, durante los cuatro meses en los cuales las convocatorias permanecen abiertas, a entera disposici\u00f3n de las y los postulantes a fin de brindarles asesoramiento en la presentaci\u00f3n de los proyectos o de solucionar cualquier problema que pudiera presentarse, sin embargo, deben tener presente que este acompa\u00f1amiento no puede darse sobre los \u00faltimos d\u00edas, al no poder responder a la demanda regional de forma simult\u00e1nea.<\/p>\n\n\n\n<p>Las y los jurados evaluar\u00e1n a las y los postulantes conforme a la informaci\u00f3n presentada en los perfiles del Cat\u00e1logo del Sector cargados en la web de Iberm\u00fasicas. Recomendamos tener completos y mantener actualizados los perfiles prestando especial atenci\u00f3n al texto descriptivo que resulta de alto valor para el jurado, dado que se trata del texto que brinda toda la informaci\u00f3n necesaria al momento de evaluar. Para editar los perfiles, se debe acceder al men\u00fa \u00abCat\u00e1logos\u00bb en la web de Iberm\u00fasicas.<\/p>\n\n\n\n<p>Recomendamos tambi\u00e9n recorrer nuestra nueva secci\u00f3n de Preguntas Frecuentes.<\/p>\n\n\n\n<p>Invitamos a todo el sector musical involucrado en la gran red de Iberm\u00fasicas a presentar sus propuestas <a href=\"https:\/\/www.ibermusicas.org\/index.php\/convocatorias\/\">aqu\u00ed<\/a><\/p>\n\n\n\n<p><\/p>\n","protected":false},"excerpt":{"rendered":"<p>A partir del lunes 16 de junio se encuentran habilitados todos los formularios de postulaci\u00f3n de nuestras Convocatorias y Premios para proyectos a realizarse en 2026. Los formularios de aplicaci\u00f3n de las convocatorias Proyecto Especial de sinergia Iberm\u00fasicas-Mid Atlantic Arts, cerrar\u00e1n el 15 de septiembre a las 23:59 de cada pa\u00eds y no se aceptar\u00e1n [&hellip;]<\/p>\n","protected":false},"author":7,"featured_media":22584,"comment_status":"closed","ping_status":"closed","sticky":false,"template":"","format":"standard","meta":{"footnotes":""},"categories":[53,52],"tags":[],"class_list":["post-25029","post","type-post","status-publish","format-standard","has-post-thumbnail","hentry","category-noticias-generales","category-noticias-ibermusicas"],"lang":"es","translations":{"es":25029},"pll_sync_post":[],"post_mailing_queue_ids":[],"_links":{"self":[{"href":"http:\/\/staging.ibermusicas.org\/index.php\/wp-json\/wp\/v2\/posts\/25029","targetHints":{"allow":["GET"]}}],"collection":[{"href":"http:\/\/staging.ibermusicas.org\/index.php\/wp-json\/wp\/v2\/posts"}],"about":[{"href":"http:\/\/staging.ibermusicas.org\/index.php\/wp-json\/wp\/v2\/types\/post"}],"author":[{"embeddable":true,"href":"http:\/\/staging.ibermusicas.org\/index.php\/wp-json\/wp\/v2\/users\/7"}],"replies":[{"embeddable":true,"href":"http:\/\/staging.ibermusicas.org\/index.php\/wp-json\/wp\/v2\/comments?post=25029"}],"version-history":[{"count":1,"href":"http:\/\/staging.ibermusicas.org\/index.php\/wp-json\/wp\/v2\/posts\/25029\/revisions"}],"predecessor-version":[{"id":25030,"href":"http:\/\/staging.ibermusicas.org\/index.php\/wp-json\/wp\/v2\/posts\/25029\/revisions\/25030"}],"wp:featuredmedia":[{"embeddable":true,"href":"http:\/\/staging.ibermusicas.org\/index.php\/wp-json\/wp\/v2\/media\/22584"}],"wp:attachment":[{"href":"http:\/\/staging.ibermusicas.org\/index.php\/wp-json\/wp\/v2\/media?parent=25029"}],"wp:term":[{"taxonomy":"category","embeddable":true,"href":"http:\/\/staging.ibermusicas.org\/index.php\/wp-json\/wp\/v2\/categories?post=25029"},{"taxonomy":"post_tag","embeddable":true,"href":"http:\/\/staging.ibermusicas.org\/index.php\/wp-json\/wp\/v2\/tags?post=25029"}],"curies":[{"name":"wp","href":"https:\/\/api.w.org\/{rel}","templated":true}]}}