{"id":25033,"date":"2025-06-27T18:43:20","date_gmt":"2025-06-27T18:43:20","guid":{"rendered":"http:\/\/staging.ibermusicas.org\/?p=25033"},"modified":"2025-07-16T18:44:03","modified_gmt":"2025-07-16T18:44:03","slug":"hoy-recomendamos-la-playlist-fronteras-de-viento-creada-por-cristina-clara-de-portugal-para-identidades-sonoras-ii","status":"publish","type":"post","link":"http:\/\/staging.ibermusicas.org\/index.php\/hoy-recomendamos-la-playlist-fronteras-de-viento-creada-por-cristina-clara-de-portugal-para-identidades-sonoras-ii\/","title":{"rendered":"Hoy recomendamos la playlist \u201cFronteras de viento\u201d creada por Cristina Clara de Portugal para Identidades Sonoras II"},"content":{"rendered":"\n<p><em>Portugal, un lugar de fronteras movedizas, dibujadas por el color de los tr\u00e1nsitos y los encuentros. Una narrativa sonora que explora la idea de la frontera como una posibilidad de cruce donde la identidad no se borra. Las fronteras geogr\u00e1ficas, culturales y musicales son el lema de este viaje<\/em>.<\/p>\n\n\n\n<p>Cristina Clara es una cantante y autora de la regi\u00f3n del r\u00edo Minho, en el norte de Portugal. Residente en Lisboa desde 2005, con intereses que van de la literatura al teatro, la artista se dedica especialmente a su carrera musical y explora, en su primer \u00e1lbum, los sonidos que m\u00e1s le han influido desde que lleg\u00f3 a la ciudad para trabajar como enfermera, inspirada por los permanentes di\u00e1logos interculturales en los que participa. Su m\u00fasica est\u00e1 influenciada sobre todo por las canciones tradicionales de Portugal, Cabo Verde y Brasil, sus afinidades y contrastes. Desde la publicaci\u00f3n de su primer \u00e1lbum &#8211; Lua Adversa, 2021 &#8211; ha actuado en varios escenarios, tanto de su pa\u00eds como internacionales. Destacan el Festival Nos Alive, el Teatro da Trindade de Lisboa, el ciclo H\u00e1 Fado no Cais del Centro Cultural de Bel\u00e9m, la Exposici\u00f3n de M\u00fasica Atl\u00e1ntica de Cabo Verde, la Casa de Portugal de S. Paulo en Brasil, el Centre Cultur\u00e8l des Artes Pluri\u00e8ls de Luxemburgo, el Festival Santa Casa Alfama, el Festival Internacional dos A\u00e7ores y la Grande Gala da Morna 2024. Fue una de las autoras invitadas al Festival de la Canci\u00f3n RTP 2024, donde qued\u00f3 finalista con la canci\u00f3n Primavera, con letra propia y m\u00fasica del compositor caboverdiano Jon Luz. Cristina Clara ha desarrollado un compromiso con la valorizaci\u00f3n de la m\u00fasica tradicional portuguesa, promoviendo y desarrollando -en solitario y en colaboraci\u00f3n- talleres en los que la canci\u00f3n y la percusi\u00f3n tradicional portuguesa son instrumentos de estudio y experimentaci\u00f3n.<\/p>\n\n\n\n<p>Para esta segunda edici\u00f3n han sido convocadas y convocados m\u00fasicas y m\u00fasicos que han recibido premios de Iberm\u00fasicas en recientes ediciones de nuestros concursos y l\u00edneas de ayuda.<\/p>\n\n\n\n<p>La invitaci\u00f3n consisti\u00f3 en que cada una y cada uno propusiera una lista de 50 canciones de artistas musicales de su propio pa\u00eds en torno al concepto de \u00abFronteras\u00bb,abordando esta noci\u00f3n desde una multiplicidad de perspectivas (fronteras geogr\u00e0ficas, culturales, simb\u00f3licas, delimitaciones posibles o imaginadas o invisibilizadas).<\/p>\n\n\n\n<p>Escuchar en:<\/p>\n\n\n\n<figure class=\"wp-block-embed is-type-rich is-provider-spotify wp-block-embed-spotify wp-embed-aspect-21-9 wp-has-aspect-ratio\"><div class=\"wp-block-embed__wrapper\">\n<iframe title=\"Spotify Embed: IDENTIDADES SONORAS II - Fronteras de vento - Portugal\" style=\"border-radius: 12px\" width=\"100%\" height=\"352\" frameborder=\"0\" allowfullscreen allow=\"autoplay; clipboard-write; encrypted-media; fullscreen; picture-in-picture\" loading=\"lazy\" src=\"https:\/\/open.spotify.com\/embed\/playlist\/74t4pJu2derYYYTWDWQiRJ?si=a4vVBZXxSbCCI7dvCwUoBw&#038;nd=1&#038;dlsi=0191844e2b0c4f88&#038;utm_source=oembed\"><\/iframe>\n<\/div><\/figure>\n","protected":false},"excerpt":{"rendered":"<p>Portugal, un lugar de fronteras movedizas, dibujadas por el color de los tr\u00e1nsitos y los encuentros. Una narrativa sonora que explora la idea de la frontera como una posibilidad de cruce donde la identidad no se borra. Las fronteras geogr\u00e1ficas, culturales y musicales son el lema de este viaje. Cristina Clara es una cantante y [&hellip;]<\/p>\n","protected":false},"author":7,"featured_media":25034,"comment_status":"closed","ping_status":"closed","sticky":false,"template":"","format":"standard","meta":{"footnotes":""},"categories":[53],"tags":[],"class_list":["post-25033","post","type-post","status-publish","format-standard","has-post-thumbnail","hentry","category-noticias-generales"],"lang":"es","translations":{"es":25033},"pll_sync_post":[],"post_mailing_queue_ids":[],"_links":{"self":[{"href":"http:\/\/staging.ibermusicas.org\/index.php\/wp-json\/wp\/v2\/posts\/25033","targetHints":{"allow":["GET"]}}],"collection":[{"href":"http:\/\/staging.ibermusicas.org\/index.php\/wp-json\/wp\/v2\/posts"}],"about":[{"href":"http:\/\/staging.ibermusicas.org\/index.php\/wp-json\/wp\/v2\/types\/post"}],"author":[{"embeddable":true,"href":"http:\/\/staging.ibermusicas.org\/index.php\/wp-json\/wp\/v2\/users\/7"}],"replies":[{"embeddable":true,"href":"http:\/\/staging.ibermusicas.org\/index.php\/wp-json\/wp\/v2\/comments?post=25033"}],"version-history":[{"count":1,"href":"http:\/\/staging.ibermusicas.org\/index.php\/wp-json\/wp\/v2\/posts\/25033\/revisions"}],"predecessor-version":[{"id":25035,"href":"http:\/\/staging.ibermusicas.org\/index.php\/wp-json\/wp\/v2\/posts\/25033\/revisions\/25035"}],"wp:featuredmedia":[{"embeddable":true,"href":"http:\/\/staging.ibermusicas.org\/index.php\/wp-json\/wp\/v2\/media\/25034"}],"wp:attachment":[{"href":"http:\/\/staging.ibermusicas.org\/index.php\/wp-json\/wp\/v2\/media?parent=25033"}],"wp:term":[{"taxonomy":"category","embeddable":true,"href":"http:\/\/staging.ibermusicas.org\/index.php\/wp-json\/wp\/v2\/categories?post=25033"},{"taxonomy":"post_tag","embeddable":true,"href":"http:\/\/staging.ibermusicas.org\/index.php\/wp-json\/wp\/v2\/tags?post=25033"}],"curies":[{"name":"wp","href":"https:\/\/api.w.org\/{rel}","templated":true}]}}