{"id":25036,"date":"2025-06-27T18:45:07","date_gmt":"2025-06-27T18:45:07","guid":{"rendered":"http:\/\/staging.ibermusicas.org\/?p=25036"},"modified":"2025-07-16T18:45:33","modified_gmt":"2025-07-16T18:45:33","slug":"hoje-recomendamos-a-playlist-fronteiras-de-vento-criada-por-cristina-clara-de-portugal-para-identidades-sonoras-ii","status":"publish","type":"post","link":"http:\/\/staging.ibermusicas.org\/index.php\/hoje-recomendamos-a-playlist-fronteiras-de-vento-criada-por-cristina-clara-de-portugal-para-identidades-sonoras-ii\/","title":{"rendered":"Hoje recomendamos a playlist \u201cFronteiras de vento\u201d\u00a0 criada por Cristina Clara de Portugal para Identidades Sonoras II"},"content":{"rendered":"\n<p><em>Portugal, lugar de fronteiras movedi\u00e7as, desenhado pelo colorido dos tr\u00e2nsitos e dos encontros. Uma narrativa sonora que explora a ideia de fronteira como possibilidade de cruzamento em que a identidade n\u00e3o se apaga. Fronteiras geogr\u00e1ficas, culturais e entre g\u00e9neros musicais s\u00e3o o mote desta viagem.<\/em><\/p>\n\n\n\n<p>Cristina Clara \u00e9 cantora e autora natural do Minho, a norte de Portugal. A viver em Lisboa desde 2005, com interesses que v\u00e3o da literatura ao teatro, a artista dedica-se particularmente \u00e0 sua carreira musical e explora no seu primeiro disco, as sonoridades que mais a atravessaram desde que chegou \u00e0 cidade para exercer enfermagem, inspirada pelos permanentes di\u00e1logos inter-culturais em que se envolve. A sua m\u00fasica \u00e9 influenciada sobretudo pelas can\u00e7\u00f5es tradicionais de Portugal, Cabo Verde e Brasil, suas afinidades e contrastes. Desde o lan\u00e7amento do seu primeiro disco &#8211; Lua Adversa, 2021 -, v\u00e1rios foram os palcos pelos quais passou, nacionais e internacionais. Destacam-se o Festival Nos Alive, o Teatro da Trindade em Lisboa, o ciclo H\u00e1 Fado no Cais no Centro Cultural de Bel\u00e9m, a Atlantic Music Expo em Cabo Verde, a Casa de Portugal de S. Paulo no Brasil, o Centre Cultur\u00e8l des Artes Pluri\u00e8ls no Luxemburgo, o Festival Santa Casa Alfama, o Festival Internacional dos A\u00e7ores ou a Grande Gala da Morna 2024. Foi uma das autoras convidadas para o Festival da Can\u00e7\u00e3o RTP 2024 onde foi finalista com o tema Primavera com letra pr\u00f3pria e m\u00fasica do compositor cabo-verdiano Jon Luz. Cristina Clara tem desenvolvido um compromisso com a valoriza\u00e7\u00e3o da m\u00fasica tradicional portuguesa, promovendo e desenvolvendo &#8211; a solo e em parceria &#8211; oficinas onde a can\u00e7\u00e3o e as percuss\u00f5es tradicionais portuguesas s\u00e3o instrumento de estudo e experimenta\u00e7\u00e3o.<\/p>\n\n\n\n<p>Para esta segunda edi\u00e7\u00e3o, foram convidadas e convidados m\u00fasicas e m\u00fasicos que receberam pr\u00eamios da Iberm\u00fasicas em edi\u00e7\u00f5es recentes de nossos concursos e linhas de apoio.<\/p>\n\n\n\n<p>O convite consistiu em que cada um propusesse uma lista de 50 can\u00e7\u00f5es de artistas musicais de seu pr\u00f3prio pa\u00eds em torno do conceito de \u201cFronteiras\u201d, abordando essa no\u00e7\u00e3o a partir de uma multiplicidade de perspectivas (fronteiras geogr\u00e1ficas, culturais, simb\u00f3licas, delimita\u00e7\u00f5es poss\u00edveis ou imagin\u00e1rias ou invisibilizadas).<\/p>\n\n\n\n<p>Ouvir em: <a href=\"https:\/\/open.spotify.com\/playlist\/74t4pJu2derYYYTWDWQiRJ?si=a4vVBZXxSbCCI7dvCwUoBw&amp;nd=1&amp;dlsi=0191844e2b0c4f88\">https:\/\/open.spotify.com\/playlist\/74t4pJu2derYYYTWDWQiRJ?si=a4vVBZXxSbCCI7dvCwUoBw&amp;nd=1&amp;dlsi=0191844e2b0c4f88<\/a><\/p>\n","protected":false},"excerpt":{"rendered":"<p>Portugal, lugar de fronteiras movedi\u00e7as, desenhado pelo colorido dos tr\u00e2nsitos e dos encontros. Uma narrativa sonora que explora a ideia de fronteira como possibilidade de cruzamento em que a identidade n\u00e3o se apaga. Fronteiras geogr\u00e1ficas, culturais e entre g\u00e9neros musicais s\u00e3o o mote desta viagem. Cristina Clara \u00e9 cantora e autora natural do Minho, a [&hellip;]<\/p>\n","protected":false},"author":7,"featured_media":25034,"comment_status":"closed","ping_status":"closed","sticky":false,"template":"","format":"standard","meta":{"footnotes":""},"categories":[218],"tags":[],"class_list":["post-25036","post","type-post","status-publish","format-standard","has-post-thumbnail","hentry","category-noticias-generales-pt"],"lang":"pt","translations":{"pt":25036},"pll_sync_post":[],"post_mailing_queue_ids":[],"_links":{"self":[{"href":"http:\/\/staging.ibermusicas.org\/index.php\/wp-json\/wp\/v2\/posts\/25036","targetHints":{"allow":["GET"]}}],"collection":[{"href":"http:\/\/staging.ibermusicas.org\/index.php\/wp-json\/wp\/v2\/posts"}],"about":[{"href":"http:\/\/staging.ibermusicas.org\/index.php\/wp-json\/wp\/v2\/types\/post"}],"author":[{"embeddable":true,"href":"http:\/\/staging.ibermusicas.org\/index.php\/wp-json\/wp\/v2\/users\/7"}],"replies":[{"embeddable":true,"href":"http:\/\/staging.ibermusicas.org\/index.php\/wp-json\/wp\/v2\/comments?post=25036"}],"version-history":[{"count":1,"href":"http:\/\/staging.ibermusicas.org\/index.php\/wp-json\/wp\/v2\/posts\/25036\/revisions"}],"predecessor-version":[{"id":25037,"href":"http:\/\/staging.ibermusicas.org\/index.php\/wp-json\/wp\/v2\/posts\/25036\/revisions\/25037"}],"wp:featuredmedia":[{"embeddable":true,"href":"http:\/\/staging.ibermusicas.org\/index.php\/wp-json\/wp\/v2\/media\/25034"}],"wp:attachment":[{"href":"http:\/\/staging.ibermusicas.org\/index.php\/wp-json\/wp\/v2\/media?parent=25036"}],"wp:term":[{"taxonomy":"category","embeddable":true,"href":"http:\/\/staging.ibermusicas.org\/index.php\/wp-json\/wp\/v2\/categories?post=25036"},{"taxonomy":"post_tag","embeddable":true,"href":"http:\/\/staging.ibermusicas.org\/index.php\/wp-json\/wp\/v2\/tags?post=25036"}],"curies":[{"name":"wp","href":"https:\/\/api.w.org\/{rel}","templated":true}]}}