{"id":25039,"date":"2025-06-27T18:56:37","date_gmt":"2025-06-27T18:56:37","guid":{"rendered":"http:\/\/staging.ibermusicas.org\/?p=25039"},"modified":"2025-07-16T18:57:23","modified_gmt":"2025-07-16T18:57:23","slug":"el-ministerio-de-cultura-del-peru-invita-a-conocer-la-obra-ganadora-del-premio-peru-ibermusicas-100-anos-del-nacimiento-de-nicomedes-santa-cruz-creacion-de-cancion-en-decimas","status":"publish","type":"post","link":"http:\/\/staging.ibermusicas.org\/index.php\/el-ministerio-de-cultura-del-peru-invita-a-conocer-la-obra-ganadora-del-premio-peru-ibermusicas-100-anos-del-nacimiento-de-nicomedes-santa-cruz-creacion-de-cancion-en-decimas\/","title":{"rendered":"El Ministerio de Cultura del Per\u00fa invita a conocer la obra ganadora del Premio Per\u00fa &#8211; Iberm\u00fasicas, 100 a\u00f1os del nacimiento de Nicomedes Santa Cruz &#8211; Creaci\u00f3n de canci\u00f3n en d\u00e9cimas"},"content":{"rendered":"\n<p>Conmemorando los cien a\u00f1os del nacimiento de uno de los mayores artistas peruanos de la historia y celebrando su vasta obra y su legado inmortal como folclorista y pensador que impuls\u00f3 la reivindicaci\u00f3n de la cultura y los derechos de la comunidad afroperuana, junto con la finalidad de impulsar y promover la creaci\u00f3n de m\u00fasica popular para contribuir as\u00ed a la ampliaci\u00f3n del repertorio iberoamericano en sus diferentes g\u00e9neros e incentivar estas actividades con plena libertad creativa, Iberm\u00fasicas y el Ministerio de Cultura del Per\u00fa propusieron el \u201cConcurso Iberoamericano 100 a\u00f1os del nacimiento de Nicomedes Santa Cruz &#8211; Creaci\u00f3n de Canci\u00f3n en d\u00e9cima\u201d, mediante el cual se premi\u00f3 la creaci\u00f3n de una canci\u00f3n inspirada en la obra musical de Nicomedes Santa Cruz.<\/p>\n\n\n\n<p>Fueron presentadas al concurso 41 obras de 8 pa\u00edses diferentes. La obra que result\u00f3 ganadora fue \u201cEntre cantos y poes\u00eda\u201d de Carlos \u201cCoco\u201d Llaque (Per\u00fa).<\/p>\n\n\n\n<p><em>\u201cPara m\u00ed este trabajo es de especial importancia porque me ha permitido sintetizar mi pasi\u00f3n por la poes\u00eda m\u00e9trica popular, con los ritmos y sonidos afroperuanos de la costa del Per\u00fa. Es un gran honor que mi homenaje a la obra de don Nicomedes Santa Cruz haya sido seleccionado para el Premio Per\u00fa &#8211; Iberm\u00fasicas, 100 a\u00f1os del nacimiento de Nicomedes Santa Cruz &#8211; Creaci\u00f3n de canci\u00f3n en d\u00e9cimas. Felicito a todos los concursantes y espero que podamos disfrutar de los diferentes temas presentados.\u201d <\/em>Coco Llaque<\/p>\n\n\n\n<ul class=\"wp-block-list\">\n<li>Escuchar en: <a href=\"https:\/\/open.spotify.com\/intl-es\/album\/7AVEIuua8oVZ2Y2x3AuYmk?si=WQXFb8xDS_6ATFdxXPirwg\">https:\/\/open.spotify.com\/intl-es\/album\/7AVEIuua8oVZ2Y2x3AuYmk?si=WQXFb8xDS_6ATFdxXPirwg<\/a><\/li>\n<\/ul>\n","protected":false},"excerpt":{"rendered":"<p>Conmemorando los cien a\u00f1os del nacimiento de uno de los mayores artistas peruanos de la historia y celebrando su vasta obra y su legado inmortal como folclorista y pensador que impuls\u00f3 la reivindicaci\u00f3n de la cultura y los derechos de la comunidad afroperuana, junto con la finalidad de impulsar y promover la creaci\u00f3n de m\u00fasica [&hellip;]<\/p>\n","protected":false},"author":7,"featured_media":25025,"comment_status":"closed","ping_status":"closed","sticky":false,"template":"","format":"standard","meta":{"footnotes":""},"categories":[53],"tags":[],"class_list":["post-25039","post","type-post","status-publish","format-standard","has-post-thumbnail","hentry","category-noticias-generales"],"lang":"es","translations":{"es":25039},"pll_sync_post":[],"post_mailing_queue_ids":[],"_links":{"self":[{"href":"http:\/\/staging.ibermusicas.org\/index.php\/wp-json\/wp\/v2\/posts\/25039","targetHints":{"allow":["GET"]}}],"collection":[{"href":"http:\/\/staging.ibermusicas.org\/index.php\/wp-json\/wp\/v2\/posts"}],"about":[{"href":"http:\/\/staging.ibermusicas.org\/index.php\/wp-json\/wp\/v2\/types\/post"}],"author":[{"embeddable":true,"href":"http:\/\/staging.ibermusicas.org\/index.php\/wp-json\/wp\/v2\/users\/7"}],"replies":[{"embeddable":true,"href":"http:\/\/staging.ibermusicas.org\/index.php\/wp-json\/wp\/v2\/comments?post=25039"}],"version-history":[{"count":1,"href":"http:\/\/staging.ibermusicas.org\/index.php\/wp-json\/wp\/v2\/posts\/25039\/revisions"}],"predecessor-version":[{"id":25040,"href":"http:\/\/staging.ibermusicas.org\/index.php\/wp-json\/wp\/v2\/posts\/25039\/revisions\/25040"}],"wp:featuredmedia":[{"embeddable":true,"href":"http:\/\/staging.ibermusicas.org\/index.php\/wp-json\/wp\/v2\/media\/25025"}],"wp:attachment":[{"href":"http:\/\/staging.ibermusicas.org\/index.php\/wp-json\/wp\/v2\/media?parent=25039"}],"wp:term":[{"taxonomy":"category","embeddable":true,"href":"http:\/\/staging.ibermusicas.org\/index.php\/wp-json\/wp\/v2\/categories?post=25039"},{"taxonomy":"post_tag","embeddable":true,"href":"http:\/\/staging.ibermusicas.org\/index.php\/wp-json\/wp\/v2\/tags?post=25039"}],"curies":[{"name":"wp","href":"https:\/\/api.w.org\/{rel}","templated":true}]}}