{"id":25041,"date":"2025-06-27T18:58:13","date_gmt":"2025-06-27T18:58:13","guid":{"rendered":"http:\/\/staging.ibermusicas.org\/?p=25041"},"modified":"2025-07-16T18:58:33","modified_gmt":"2025-07-16T18:58:33","slug":"o-ministerio-da-cultura-do-peru-convida-a-conhecer-a-obra-vencedora-do-premio-peru-ibermusicas-100-anos-do-nascimento-de-nicomedes-santa-cruz-criacao-de-cancao-em-decimas","status":"publish","type":"post","link":"http:\/\/staging.ibermusicas.org\/index.php\/o-ministerio-da-cultura-do-peru-convida-a-conhecer-a-obra-vencedora-do-premio-peru-ibermusicas-100-anos-do-nascimento-de-nicomedes-santa-cruz-criacao-de-cancao-em-decimas\/","title":{"rendered":"O Minist\u00e9rio da Cultura do Peru convida a conhecer a obra vencedora do Pr\u00eamio Peru &#8211; Iberm\u00fasicas, 100 anos do nascimento de Nicomedes Santa Cruz &#8211; Cria\u00e7\u00e3o de can\u00e7\u00e3o em d\u00e9cimas"},"content":{"rendered":"\n<p>Comemorando os cem anos do nascimento de um dos maiores artistas peruanos da hist\u00f3ria e celebrando a sua vasta obra e o seu legado imortal como folclorista e pensador que impulsionou a reivindica\u00e7\u00e3o da cultura e dos direitos da comunidade afro-peruana, juntamente com o objetivo de impulsionar e promover a cria\u00e7\u00e3o de m\u00fasica popular para contribuir assim para a amplia\u00e7\u00e3o do repert\u00f3rio ibero-americano em seus diferentes g\u00eaneros e incentivar essas atividades com plena liberdade criativa, o Iberm\u00fasicas e o Minist\u00e9rio de Cultura del Per\u00fa propuseram o \u201cConcurso Ibero-Americano 100 anos do nascimento de Nicomedes Santa Cruz &#8211; Cria\u00e7\u00e3o de Can\u00e7\u00e3o em d\u00e9cimas\u201d, atrav\u00e9s do qual foi premiada a cria\u00e7\u00e3o de uma can\u00e7\u00e3o inspirada na obra musical de Nicomedes Santa Cruz.<\/p>\n\n\n\n<p>Foram apresentadas ao concurso 41 obras de 8 pa\u00edses diferentes. A obra vencedora foi \u201cEntre cantos y poes\u00eda\u201d, de Carlos \u201cCoco\u201d Llaque (Peru).<\/p>\n\n\n\n<p>\u00abPara mim, este trabalho \u00e9 de especial import\u00e2ncia porque me permitiu sintetizar a minha paix\u00e3o pela poesia m\u00e9trica popular com os ritmos e sons afro-peruanos da costa do Peru. \u00c9 uma grande honra que a minha homenagem \u00e0 obra de Don Nicomedes Santa Cruz tenha sido selecionada para o Pr\u00e9mio Peru &#8211; Iberm\u00fasicas, 100 anos do nascimento de Nicomedes Santa Cruz &#8211; Cria\u00e7\u00e3o de can\u00e7\u00f5es em d\u00e9cimas. Parabenizo todos os concorrentes e espero que possamos apreciar os diferentes temas apresentados.\u201d Coco Llaque<\/p>\n\n\n\n<p>\u25cf Ouvir em:<\/p>\n\n\n\n<figure class=\"wp-block-embed is-type-rich is-provider-spotify wp-block-embed-spotify wp-embed-aspect-21-9 wp-has-aspect-ratio\"><div class=\"wp-block-embed__wrapper\">\n<iframe title=\"Spotify Embed: Entre Cantos y Poes\u00eda\" style=\"border-radius: 12px\" width=\"100%\" height=\"352\" frameborder=\"0\" allowfullscreen allow=\"autoplay; clipboard-write; encrypted-media; fullscreen; picture-in-picture\" loading=\"lazy\" src=\"https:\/\/open.spotify.com\/embed\/album\/7AVEIuua8oVZ2Y2x3AuYmk?si=WQXFb8xDS_6ATFdxXPirwg&#038;utm_source=oembed\"><\/iframe>\n<\/div><\/figure>\n","protected":false},"excerpt":{"rendered":"<p>Comemorando os cem anos do nascimento de um dos maiores artistas peruanos da hist\u00f3ria e celebrando a sua vasta obra e o seu legado imortal como folclorista e pensador que impulsionou a reivindica\u00e7\u00e3o da cultura e dos direitos da comunidade afro-peruana, juntamente com o objetivo de impulsionar e promover a cria\u00e7\u00e3o de m\u00fasica popular para [&hellip;]<\/p>\n","protected":false},"author":7,"featured_media":25025,"comment_status":"closed","ping_status":"closed","sticky":false,"template":"","format":"standard","meta":{"footnotes":""},"categories":[218],"tags":[],"class_list":["post-25041","post","type-post","status-publish","format-standard","has-post-thumbnail","hentry","category-noticias-generales-pt"],"lang":"pt","translations":{"pt":25041},"pll_sync_post":[],"post_mailing_queue_ids":[],"_links":{"self":[{"href":"http:\/\/staging.ibermusicas.org\/index.php\/wp-json\/wp\/v2\/posts\/25041","targetHints":{"allow":["GET"]}}],"collection":[{"href":"http:\/\/staging.ibermusicas.org\/index.php\/wp-json\/wp\/v2\/posts"}],"about":[{"href":"http:\/\/staging.ibermusicas.org\/index.php\/wp-json\/wp\/v2\/types\/post"}],"author":[{"embeddable":true,"href":"http:\/\/staging.ibermusicas.org\/index.php\/wp-json\/wp\/v2\/users\/7"}],"replies":[{"embeddable":true,"href":"http:\/\/staging.ibermusicas.org\/index.php\/wp-json\/wp\/v2\/comments?post=25041"}],"version-history":[{"count":1,"href":"http:\/\/staging.ibermusicas.org\/index.php\/wp-json\/wp\/v2\/posts\/25041\/revisions"}],"predecessor-version":[{"id":25042,"href":"http:\/\/staging.ibermusicas.org\/index.php\/wp-json\/wp\/v2\/posts\/25041\/revisions\/25042"}],"wp:featuredmedia":[{"embeddable":true,"href":"http:\/\/staging.ibermusicas.org\/index.php\/wp-json\/wp\/v2\/media\/25025"}],"wp:attachment":[{"href":"http:\/\/staging.ibermusicas.org\/index.php\/wp-json\/wp\/v2\/media?parent=25041"}],"wp:term":[{"taxonomy":"category","embeddable":true,"href":"http:\/\/staging.ibermusicas.org\/index.php\/wp-json\/wp\/v2\/categories?post=25041"},{"taxonomy":"post_tag","embeddable":true,"href":"http:\/\/staging.ibermusicas.org\/index.php\/wp-json\/wp\/v2\/tags?post=25041"}],"curies":[{"name":"wp","href":"https:\/\/api.w.org\/{rel}","templated":true}]}}