{"id":25046,"date":"2025-06-27T19:33:31","date_gmt":"2025-06-27T19:33:31","guid":{"rendered":"http:\/\/staging.ibermusicas.org\/?p=25046"},"modified":"2025-07-16T19:34:02","modified_gmt":"2025-07-16T19:34:02","slug":"os-etnomusicologos-argentinos-maria-emilia-sosa-cacace-e-alejandro-iglesias-rossi-apresentam-parte-dos-resultados-do-seu-projeto-de-recuperacao-do-patrimonio-sonoro-maia","status":"publish","type":"post","link":"http:\/\/staging.ibermusicas.org\/index.php\/os-etnomusicologos-argentinos-maria-emilia-sosa-cacace-e-alejandro-iglesias-rossi-apresentam-parte-dos-resultados-do-seu-projeto-de-recuperacao-do-patrimonio-sonoro-maia\/","title":{"rendered":"Os etnomusic\u00f3logos argentinos Mar\u00eda Emilia Sosa Cacace e Alejandro Iglesias Rossi apresentam parte dos resultados do seu projeto de recupera\u00e7\u00e3o do patrim\u00f4nio sonoro maia"},"content":{"rendered":"\n<p>Projeto interdisciplinar liderado por etnomusic\u00f3logos argentinos e franceses e arque\u00f3logos do Museu Nacional de Antropologia do M\u00e9xico &#8211; Subdire\u00e7\u00e3o de Arqueologia. O objetivo \u00e9 estudar a pr\u00e1tica sonora maia no seu contexto. Para isso, a equipe de pesquisa se concentrou na digitaliza\u00e7\u00e3o em 3D e na recria\u00e7\u00e3o de uma cole\u00e7\u00e3o de 15 artefatos instrumentais conservados no Museu Nacional de Antropologia do M\u00e9xico.<\/p>\n\n\n\n<p>Trata-se de um projeto de inova\u00e7\u00e3o tecnol\u00f3gica que visa valorizar, visibilizar e divulgar o patrim\u00f4nio sonoro maia e, no futuro, desenvolver uma recria\u00e7\u00e3o interativa de suas sonoridades por meio da realidade virtual.<\/p>\n\n\n\n<p>A equipe viajou a s\u00edtios arqueol\u00f3gicos maias, no cora\u00e7\u00e3o da selva. Com equipamentos e tecnologia de ponta, foram realizadas grava\u00e7\u00f5es sonoras de interpreta\u00e7\u00f5es musicais com as recria\u00e7\u00f5es dos instrumentos produzidos para esta ocasi\u00e3o, com o objetivo de criar uma experi\u00eancia imersiva que reconectasse os ouvintes com os sons que estiveram perdidos durante s\u00e9culos.<\/p>\n\n\n\n<p>O projeto \u00e9 uma colabora\u00e7\u00e3o multidisciplinar e internacional entre a Fran\u00e7a, a Argentina e o M\u00e9xico, liderada pela UNTREF \u2013 Universidade Nacional de Tres de Febrero da Argentina, o PRIAE \u2013 Polo de Pesquisa, Interpreta\u00e7\u00e3o e Arqueologia Experimental da Fran\u00e7a e a Subdire\u00e7\u00e3o de Arqueologia do Museu Nacional de Antropologia (MNA) do M\u00e9xico.<\/p>\n\n\n\n<p>O presente projeto foi vencedor da convocat\u00f3ria 2024 do Programa Iberm\u00fasicas na linha \u201cApoio a Institui\u00e7\u00f5es para Resid\u00eancias\u201d.<\/p>\n\n\n\n<p>Ver em:<\/p>\n\n\n\n<figure class=\"wp-block-embed is-type-video is-provider-youtube wp-block-embed-youtube wp-embed-aspect-16-9 wp-has-aspect-ratio\"><div class=\"wp-block-embed__wrapper\">\n<iframe loading=\"lazy\" title=\"Instrumentos Musicales Prehisp\u00e1nicos Mayas - Flauta Globular Escult\u00f3rica\" width=\"500\" height=\"281\" src=\"https:\/\/www.youtube.com\/embed\/Dv2iigQPJ58?feature=oembed\" frameborder=\"0\" allow=\"accelerometer; autoplay; clipboard-write; encrypted-media; gyroscope; picture-in-picture; web-share\" referrerpolicy=\"strict-origin-when-cross-origin\" allowfullscreen><\/iframe>\n<\/div><\/figure>\n\n\n\n<figure class=\"wp-block-embed is-type-video is-provider-youtube wp-block-embed-youtube wp-embed-aspect-16-9 wp-has-aspect-ratio\"><div class=\"wp-block-embed__wrapper\">\n<iframe loading=\"lazy\" title=\"Instrumentos Musicales Prehisp\u00e1nicos Mayas - Instrumento Mixto Sonaja y Aer\u00f3fono\" width=\"500\" height=\"281\" src=\"https:\/\/www.youtube.com\/embed\/Aj_DVZLbqD4?feature=oembed\" frameborder=\"0\" allow=\"accelerometer; autoplay; clipboard-write; encrypted-media; gyroscope; picture-in-picture; web-share\" referrerpolicy=\"strict-origin-when-cross-origin\" allowfullscreen><\/iframe>\n<\/div><\/figure>\n","protected":false},"excerpt":{"rendered":"<p>Projeto interdisciplinar liderado por etnomusic\u00f3logos argentinos e franceses e arque\u00f3logos do Museu Nacional de Antropologia do M\u00e9xico &#8211; Subdire\u00e7\u00e3o de Arqueologia. O objetivo \u00e9 estudar a pr\u00e1tica sonora maia no seu contexto. Para isso, a equipe de pesquisa se concentrou na digitaliza\u00e7\u00e3o em 3D e na recria\u00e7\u00e3o de uma cole\u00e7\u00e3o de 15 artefatos instrumentais conservados [&hellip;]<\/p>\n","protected":false},"author":7,"featured_media":25044,"comment_status":"closed","ping_status":"closed","sticky":false,"template":"","format":"standard","meta":{"footnotes":""},"categories":[218,222],"tags":[],"class_list":["post-25046","post","type-post","status-publish","format-standard","has-post-thumbnail","hentry","category-noticias-generales-pt","category-noticias-rotativas-pt"],"lang":"pt","translations":{"pt":25046},"pll_sync_post":[],"post_mailing_queue_ids":[],"_links":{"self":[{"href":"http:\/\/staging.ibermusicas.org\/index.php\/wp-json\/wp\/v2\/posts\/25046","targetHints":{"allow":["GET"]}}],"collection":[{"href":"http:\/\/staging.ibermusicas.org\/index.php\/wp-json\/wp\/v2\/posts"}],"about":[{"href":"http:\/\/staging.ibermusicas.org\/index.php\/wp-json\/wp\/v2\/types\/post"}],"author":[{"embeddable":true,"href":"http:\/\/staging.ibermusicas.org\/index.php\/wp-json\/wp\/v2\/users\/7"}],"replies":[{"embeddable":true,"href":"http:\/\/staging.ibermusicas.org\/index.php\/wp-json\/wp\/v2\/comments?post=25046"}],"version-history":[{"count":1,"href":"http:\/\/staging.ibermusicas.org\/index.php\/wp-json\/wp\/v2\/posts\/25046\/revisions"}],"predecessor-version":[{"id":25047,"href":"http:\/\/staging.ibermusicas.org\/index.php\/wp-json\/wp\/v2\/posts\/25046\/revisions\/25047"}],"wp:featuredmedia":[{"embeddable":true,"href":"http:\/\/staging.ibermusicas.org\/index.php\/wp-json\/wp\/v2\/media\/25044"}],"wp:attachment":[{"href":"http:\/\/staging.ibermusicas.org\/index.php\/wp-json\/wp\/v2\/media?parent=25046"}],"wp:term":[{"taxonomy":"category","embeddable":true,"href":"http:\/\/staging.ibermusicas.org\/index.php\/wp-json\/wp\/v2\/categories?post=25046"},{"taxonomy":"post_tag","embeddable":true,"href":"http:\/\/staging.ibermusicas.org\/index.php\/wp-json\/wp\/v2\/tags?post=25046"}],"curies":[{"name":"wp","href":"https:\/\/api.w.org\/{rel}","templated":true}]}}