{"id":25048,"date":"2025-06-17T19:35:45","date_gmt":"2025-06-17T19:35:45","guid":{"rendered":"http:\/\/staging.ibermusicas.org\/?p=25048"},"modified":"2025-07-16T19:37:07","modified_gmt":"2025-07-16T19:37:07","slug":"karol-barboza-de-costa-rica-presenta-ave-de-octubre-una-de-las-obras-compuestas-durante-su-curso-de-especializacion-con-el-musico-brasileno-leandro-maia","status":"publish","type":"post","link":"http:\/\/staging.ibermusicas.org\/index.php\/karol-barboza-de-costa-rica-presenta-ave-de-octubre-una-de-las-obras-compuestas-durante-su-curso-de-especializacion-con-el-musico-brasileno-leandro-maia\/","title":{"rendered":"Karol Barboza, de Costa Rica presenta \u201cAve de octubre\u201d, una de las obras compuestas durante su curso de especializaci\u00f3n con el m\u00fasico brasile\u00f1o Leandro Maia"},"content":{"rendered":"\n<p>\u00abAve de octubre\u00bb es una canci\u00f3n que naci\u00f3 entre septiembre y octubre de 2024 gracias al apoyo de Iberm\u00fasicas y su l\u00ednea de convocatoria \u00abAyuda a la especializaci\u00f3n y el perfeccionamiento art\u00edstico y t\u00e9cnico\u00bb. Este trabajo de exploraci\u00f3n compositiva desde la canci\u00f3n popular se llam\u00f3 \u00abPuentes y Canciones\u00bb.<\/p>\n\n\n\n<p>Karol Barboza es cantante, compositora y productora musical de Costa Rica. Ha presentado su m\u00fasica en Nicaragua, Alemania, Suiza, Austria, M\u00e9xico y Francia. Ganadora del Premio ACAM 2020, otorgado por la Asociaci\u00f3n de Compositores y Autores de Costa Rica, en la categor\u00eda Fusi\u00f3n Latina por su participaci\u00f3n en el \u00e1lbum Ecos de Sangre, de Eduardo Montero. Ganadora del Premio Iberm\u00fasicas 2021 de Creaci\u00f3n de Canci\u00f3n Popular, Karol ha lanzado varios singles y recopilatorios, adem\u00e1s del \u00e1lbum \u00abSecreto\u00bb y el EP \u00abPortentos\u00bb.<\/p>\n\n\n\n<p>Leandro Maia es cantante, guitarrista y compositor. Profesor de la Universidad Federal de Pelotas. Doctor en M\u00fasica\/Composici\u00f3n de Canciones por la Bath Spa University\/Reino Unido con la tesis \u00abPoetics of Song: songwriting habitus in the creative process of Brazilian music\u00bb. M\u00e1ster en Literatura Brasile\u00f1a (UFRGS) con la tesis \u00abQuereres de Caetano: da can\u00e7\u00e3o \u00e0 Can\u00e7\u00e3o\u00bb. Especialista en Letras &#8211; Pr\u00e1ctica de la Creaci\u00f3n Textual (Unirriter). Licenciado en M\u00fasica (UFRGS). Fue ganador de la primera edici\u00f3n del concurso de creaci\u00f3n de canciones de Iberm\u00fasicas. Vive en la ciudad de Pelotas, Rio Grande do Sul, donde se dedica al trabajo art\u00edstico, la producci\u00f3n cultural y la docencia, junto con los cursos de M\u00fasica y de Licenciatura en Pedagog\u00eda a Distancia. Tambi\u00e9n forma parte del tr\u00edo \u00abN\u00f3 de Pinho\u00bb, junto a los galardonados m\u00fasicos Thiago Colombo de Freitas y Paulo Gaiger.<\/p>\n\n\n\n<p>\u201cPuente y Canciones\u201d cont\u00f3 adem\u00e1s con el apoyo de \u00abAGIMOS\u00bb Ag\u00eancia de Ind\u00fastria Criativa e Mobiliza\u00e7\u00e3o Social da UFPEL y el Estudio de Producci\u00f3n Musical del Centro de Artes de la Universidad Federal de Pelotas.<\/p>\n\n\n\n<p>La letra de \u00abAve de octubre\u00bb pertenece a Karol Barboza y la m\u00fasica a Leandro Maia y Karol Barboza. La grabaci\u00f3n en vivo, mezcla y master fue realizada por Pablo Pi\u00f1eyro con orientaci\u00f3n t\u00e9cnica de Emerson Wrague. La grabaci\u00f3n de video fue realizada por Thamires Seus y la edici\u00f3n de video por Pablo Monge.<\/p>\n\n\n\n<p><em>\u201cLas distancias son el puente<\/em><\/p>\n\n\n\n<p><em>para volver a empezar<\/em><\/p>\n\n\n\n<p><em>todo lo que vive muere<\/em><\/p>\n\n\n\n<p><em>muere y vuelve a despegar\u201d<\/em><\/p>\n\n\n\n<p>Ver en:<\/p>\n\n\n\n<figure class=\"wp-block-embed is-type-video is-provider-youtube wp-block-embed-youtube wp-embed-aspect-16-9 wp-has-aspect-ratio\"><div class=\"wp-block-embed__wrapper\">\n<iframe loading=\"lazy\" title=\"&quot;Ave de octubre&quot; - Karol Barboza (Costa Rica) y Leandro Maia (Brasil) - 2024\" width=\"500\" height=\"281\" src=\"https:\/\/www.youtube.com\/embed\/OpAj7nFUfXo?feature=oembed\" frameborder=\"0\" allow=\"accelerometer; autoplay; clipboard-write; encrypted-media; gyroscope; picture-in-picture; web-share\" referrerpolicy=\"strict-origin-when-cross-origin\" allowfullscreen><\/iframe>\n<\/div><\/figure>\n\n\n\n<p>Escuchar en:<\/p>\n\n\n\n<figure class=\"wp-block-embed is-type-rich is-provider-spotify wp-block-embed-spotify wp-embed-aspect-21-9 wp-has-aspect-ratio\"><div class=\"wp-block-embed__wrapper\">\n<iframe title=\"Spotify Embed: Ave de octubre (En Vivo)\" style=\"border-radius: 12px\" width=\"100%\" height=\"152\" frameborder=\"0\" allowfullscreen allow=\"autoplay; clipboard-write; encrypted-media; fullscreen; picture-in-picture\" loading=\"lazy\" src=\"https:\/\/open.spotify.com\/embed\/track\/2K7r7vtBalMHTbPvnfUSQi?si=6e72a138db1b4949&#038;utm_source=oembed\"><\/iframe>\n<\/div><\/figure>\n","protected":false},"excerpt":{"rendered":"<p>\u00abAve de octubre\u00bb es una canci\u00f3n que naci\u00f3 entre septiembre y octubre de 2024 gracias al apoyo de Iberm\u00fasicas y su l\u00ednea de convocatoria \u00abAyuda a la especializaci\u00f3n y el perfeccionamiento art\u00edstico y t\u00e9cnico\u00bb. Este trabajo de exploraci\u00f3n compositiva desde la canci\u00f3n popular se llam\u00f3 \u00abPuentes y Canciones\u00bb. Karol Barboza es cantante, compositora y productora [&hellip;]<\/p>\n","protected":false},"author":7,"featured_media":25049,"comment_status":"closed","ping_status":"closed","sticky":false,"template":"","format":"standard","meta":{"footnotes":""},"categories":[53,48],"tags":[],"class_list":["post-25048","post","type-post","status-publish","format-standard","has-post-thumbnail","hentry","category-noticias-generales","category-noticias-rotativas"],"lang":"es","translations":{"es":25048},"pll_sync_post":[],"post_mailing_queue_ids":[],"_links":{"self":[{"href":"http:\/\/staging.ibermusicas.org\/index.php\/wp-json\/wp\/v2\/posts\/25048","targetHints":{"allow":["GET"]}}],"collection":[{"href":"http:\/\/staging.ibermusicas.org\/index.php\/wp-json\/wp\/v2\/posts"}],"about":[{"href":"http:\/\/staging.ibermusicas.org\/index.php\/wp-json\/wp\/v2\/types\/post"}],"author":[{"embeddable":true,"href":"http:\/\/staging.ibermusicas.org\/index.php\/wp-json\/wp\/v2\/users\/7"}],"replies":[{"embeddable":true,"href":"http:\/\/staging.ibermusicas.org\/index.php\/wp-json\/wp\/v2\/comments?post=25048"}],"version-history":[{"count":1,"href":"http:\/\/staging.ibermusicas.org\/index.php\/wp-json\/wp\/v2\/posts\/25048\/revisions"}],"predecessor-version":[{"id":25050,"href":"http:\/\/staging.ibermusicas.org\/index.php\/wp-json\/wp\/v2\/posts\/25048\/revisions\/25050"}],"wp:featuredmedia":[{"embeddable":true,"href":"http:\/\/staging.ibermusicas.org\/index.php\/wp-json\/wp\/v2\/media\/25049"}],"wp:attachment":[{"href":"http:\/\/staging.ibermusicas.org\/index.php\/wp-json\/wp\/v2\/media?parent=25048"}],"wp:term":[{"taxonomy":"category","embeddable":true,"href":"http:\/\/staging.ibermusicas.org\/index.php\/wp-json\/wp\/v2\/categories?post=25048"},{"taxonomy":"post_tag","embeddable":true,"href":"http:\/\/staging.ibermusicas.org\/index.php\/wp-json\/wp\/v2\/tags?post=25048"}],"curies":[{"name":"wp","href":"https:\/\/api.w.org\/{rel}","templated":true}]}}