{"id":25051,"date":"2025-06-27T19:36:50","date_gmt":"2025-06-27T19:36:50","guid":{"rendered":"http:\/\/staging.ibermusicas.org\/?p=25051"},"modified":"2025-07-16T19:37:30","modified_gmt":"2025-07-16T19:37:30","slug":"karol-barboza-da-costa-rica-apresenta-ave-de-octubre-uma-das-obras-compostas-durante-o-seu-curso-de-especializacao-com-o-musico-brasileiro-leandro-maia","status":"publish","type":"post","link":"http:\/\/staging.ibermusicas.org\/index.php\/karol-barboza-da-costa-rica-apresenta-ave-de-octubre-uma-das-obras-compostas-durante-o-seu-curso-de-especializacao-com-o-musico-brasileiro-leandro-maia\/","title":{"rendered":"Karol Barboza, da Costa Rica, apresenta \u201cAve de octubre\u201d, uma das obras compostas durante o seu curso de especializa\u00e7\u00e3o com o m\u00fasico brasileiro Leandro Maia"},"content":{"rendered":"\n<p>\u201cAve de octubre\u201d \u00e9 uma can\u00e7\u00e3o que nasceu entre setembro e outubro de 2024, gra\u00e7as ao apoio do Iberm\u00fasicas e \u00e0 sua linha de convocat\u00f3ria \u201cAjuda \u00e0 especializa\u00e7\u00e3o e ao aperfei\u00e7oamento art\u00edstico e t\u00e9cnico\u201d. Este trabalho de explora\u00e7\u00e3o composicional a partir da can\u00e7\u00e3o popular foi intitulado \u00abPuentes y Canciones\u00bb (Pontes e Can\u00e7\u00f5es).<\/p>\n\n\n\n<p>Karol Barboza \u00e9 cantora, compositora e produtora musical da Costa Rica. Apresentou sua m\u00fasica na Nicar\u00e1gua, Alemanha, Su\u00ed\u00e7a, \u00c1ustria, M\u00e9xico e Fran\u00e7a. Vencedora do Pr\u00eamio ACAM 2020, concedido pela Associa\u00e7\u00e3o dos Compositores e Autores da Costa Rica, na categoria Latin Fusion pela participa\u00e7\u00e3o no \u00e1lbum Ecos de Sangre, de Eduardo Montero. Vencedora do Pr\u00eamio Iberm\u00fasicas 2021 de Cria\u00e7\u00e3o de Can\u00e7\u00e3o Popular, Karol lan\u00e7ou v\u00e1rios singles e colet\u00e2neas, al\u00e9m do \u00e1lbum \u201cSecreto\u201d e do EP \u201cPortentos\u201d.<\/p>\n\n\n\n<p>Leandro Maia \u00e9 cantor, violonista e compositor. Professor da Universidade Federal de Pelotas. Doutor em M\u00fasica\/Songwriting na Bath Spa University\/Reino Unido com a tese &#8216;Poetics of Song: songwriting habitus in the creative process of Brazilian music&#8217;. Mestre em Literatura Brasileira (UFRGS) com a disserta\u00e7\u00e3o \u00abQuereres de Caetano: da can\u00e7\u00e3o \u00e0 Can\u00e7\u00e3o\u00bb. Especialista em Letras &#8211; Pr\u00e1xis da Cria\u00e7\u00e3o Textual (Unirriter). Licenciado em M\u00fasica (UFRGS). Foi o vencedor da primeira edi\u00e7\u00e3o do concurso de cria\u00e7\u00e3o de can\u00e7\u00f5es da Iberm\u00fasicas. Vive na cidade de Pelotas, Rio Grande do Sul, onde se dedica ao trabalho art\u00edstico, \u00e0 produ\u00e7\u00e3o cultural e \u00e0 doc\u00eancia, junto aos cursos de M\u00fasica e de Licenciatura em Pedagogia a Dist\u00e2ncia. Tamb\u00e9m integra o trio \u201cN\u00f3 de Pinho\u201d, com os premiados m\u00fasicos Thiago Colombo de Freitas e Paulo Gaiger.<\/p>\n\n\n\n<p>\u201cPuentes y Canciones\u201d contou ainda com o apoio da \u201cAGIMOS\u201d Ag\u00eancia de Ind\u00fastria Criativa e Mobiliza\u00e7\u00e3o Social da UFPEL e do Est\u00fadio de Produ\u00e7\u00e3o Musical do Centro de Artes da Universidade Federal de Pelotas.<\/p>\n\n\n\n<p>A letra de \u00abAve de octubre\u00bb \u00e9 de Karol Barboza e a m\u00fasica de Leandro Maia e Karol Barboza. A grava\u00e7\u00e3o ao vivo, a mistura e a masteriza\u00e7\u00e3o foram realizadas por Pablo Pi\u00f1eyro, com orienta\u00e7\u00e3o t\u00e9cnica de Emerson Wrague. A grava\u00e7\u00e3o de v\u00eddeo foi realizada por Thamires Seus e a edi\u00e7\u00e3o de v\u00eddeo por Pablo Monge.<\/p>\n\n\n\n<p><em>\u201cAs dist\u00e2ncias s\u00e3o a ponte<\/em><\/p>\n\n\n\n<p><em>para recome\u00e7ar<\/em><\/p>\n\n\n\n<p><em>tudo o que vive morre<\/em><\/p>\n\n\n\n<p><em>morre e volta a decolar\u201d<\/em><\/p>\n\n\n\n<p>Ver em:<\/p>\n\n\n\n<figure class=\"wp-block-embed is-type-video is-provider-youtube wp-block-embed-youtube wp-embed-aspect-16-9 wp-has-aspect-ratio\"><div class=\"wp-block-embed__wrapper\">\n<iframe loading=\"lazy\" title=\"&quot;Ave de octubre&quot; - Karol Barboza (Costa Rica) y Leandro Maia (Brasil) - 2024\" width=\"500\" height=\"281\" src=\"https:\/\/www.youtube.com\/embed\/OpAj7nFUfXo?feature=oembed\" frameborder=\"0\" allow=\"accelerometer; autoplay; clipboard-write; encrypted-media; gyroscope; picture-in-picture; web-share\" referrerpolicy=\"strict-origin-when-cross-origin\" allowfullscreen><\/iframe>\n<\/div><\/figure>\n\n\n\n<p>Ouvier em:<\/p>\n\n\n\n<figure class=\"wp-block-embed is-type-rich is-provider-spotify wp-block-embed-spotify wp-embed-aspect-21-9 wp-has-aspect-ratio\"><div class=\"wp-block-embed__wrapper\">\n<iframe title=\"Spotify Embed: Ave de octubre (En Vivo)\" style=\"border-radius: 12px\" width=\"100%\" height=\"152\" frameborder=\"0\" allowfullscreen allow=\"autoplay; clipboard-write; encrypted-media; fullscreen; picture-in-picture\" loading=\"lazy\" src=\"https:\/\/open.spotify.com\/embed\/track\/2K7r7vtBalMHTbPvnfUSQi?si=6e72a138db1b4949&#038;utm_source=oembed\"><\/iframe>\n<\/div><\/figure>\n","protected":false},"excerpt":{"rendered":"<p>\u201cAve de octubre\u201d \u00e9 uma can\u00e7\u00e3o que nasceu entre setembro e outubro de 2024, gra\u00e7as ao apoio do Iberm\u00fasicas e \u00e0 sua linha de convocat\u00f3ria \u201cAjuda \u00e0 especializa\u00e7\u00e3o e ao aperfei\u00e7oamento art\u00edstico e t\u00e9cnico\u201d. Este trabalho de explora\u00e7\u00e3o composicional a partir da can\u00e7\u00e3o popular foi intitulado \u00abPuentes y Canciones\u00bb (Pontes e Can\u00e7\u00f5es). Karol Barboza \u00e9 [&hellip;]<\/p>\n","protected":false},"author":7,"featured_media":25049,"comment_status":"closed","ping_status":"closed","sticky":false,"template":"","format":"standard","meta":{"footnotes":""},"categories":[218,222],"tags":[],"class_list":["post-25051","post","type-post","status-publish","format-standard","has-post-thumbnail","hentry","category-noticias-generales-pt","category-noticias-rotativas-pt"],"lang":"pt","translations":{"pt":25051},"pll_sync_post":[],"post_mailing_queue_ids":[],"_links":{"self":[{"href":"http:\/\/staging.ibermusicas.org\/index.php\/wp-json\/wp\/v2\/posts\/25051","targetHints":{"allow":["GET"]}}],"collection":[{"href":"http:\/\/staging.ibermusicas.org\/index.php\/wp-json\/wp\/v2\/posts"}],"about":[{"href":"http:\/\/staging.ibermusicas.org\/index.php\/wp-json\/wp\/v2\/types\/post"}],"author":[{"embeddable":true,"href":"http:\/\/staging.ibermusicas.org\/index.php\/wp-json\/wp\/v2\/users\/7"}],"replies":[{"embeddable":true,"href":"http:\/\/staging.ibermusicas.org\/index.php\/wp-json\/wp\/v2\/comments?post=25051"}],"version-history":[{"count":1,"href":"http:\/\/staging.ibermusicas.org\/index.php\/wp-json\/wp\/v2\/posts\/25051\/revisions"}],"predecessor-version":[{"id":25052,"href":"http:\/\/staging.ibermusicas.org\/index.php\/wp-json\/wp\/v2\/posts\/25051\/revisions\/25052"}],"wp:featuredmedia":[{"embeddable":true,"href":"http:\/\/staging.ibermusicas.org\/index.php\/wp-json\/wp\/v2\/media\/25049"}],"wp:attachment":[{"href":"http:\/\/staging.ibermusicas.org\/index.php\/wp-json\/wp\/v2\/media?parent=25051"}],"wp:term":[{"taxonomy":"category","embeddable":true,"href":"http:\/\/staging.ibermusicas.org\/index.php\/wp-json\/wp\/v2\/categories?post=25051"},{"taxonomy":"post_tag","embeddable":true,"href":"http:\/\/staging.ibermusicas.org\/index.php\/wp-json\/wp\/v2\/tags?post=25051"}],"curies":[{"name":"wp","href":"https:\/\/api.w.org\/{rel}","templated":true}]}}