{"id":25056,"date":"2025-06-27T19:40:12","date_gmt":"2025-06-27T19:40:12","guid":{"rendered":"http:\/\/staging.ibermusicas.org\/?p=25056"},"modified":"2025-07-16T19:40:35","modified_gmt":"2025-07-16T19:40:35","slug":"paula-molinari-encerra-residencia-artistica-com-ciclo-inedito-de-obras-vocais-inspirado-em-kozana-lucca-e-o-roy-hart-theatre","status":"publish","type":"post","link":"http:\/\/staging.ibermusicas.org\/index.php\/paula-molinari-encerra-residencia-artistica-com-ciclo-inedito-de-obras-vocais-inspirado-em-kozana-lucca-e-o-roy-hart-theatre\/","title":{"rendered":"Paula Molinari encerra resid\u00eancia art\u00edstica com ciclo in\u00e9dito de obras vocais inspirado em Kozana Lucca e o Roy Hart Th\u00e9\u00e2tre"},"content":{"rendered":"\n<p>A artista e pesquisadora brasileira Paula Molinari finaliza, em julho, sua resid\u00eancia art\u00edstica com a apresenta\u00e7\u00e3o do Ciclo de Miniaturas para Voz Solo, um projeto in\u00e9dito que integra experimenta\u00e7\u00e3o vocal, arte contempor\u00e2nea, ecologia sonora e escuta de saberes tradicionais. A etapa final do projeto ser\u00e1 realizada no Museu do Mar, em Parna\u00edba (PI), com uma programa\u00e7\u00e3o aberta ao p\u00fablico que inclui exposi\u00e7\u00e3o, bate-papo com artistas e pesquisadores, e uma s\u00e9rie de confer\u00eancias-concerto.<\/p>\n\n\n\n<p>Concebido ao longo de resid\u00eancias em Portugal, Fran\u00e7a e Brasil, o ciclo partiu da pr\u00e1tica vocal centrada no repert\u00f3rio para voz solo de compositores brasileiros como S\u00edlvio Ferraz, S\u00e9rgio Leal e Francisco Silva, em di\u00e1logo com o acervo da artista Kozana Lucca, refer\u00eancia em voz, ecologia e experimenta\u00e7\u00e3o interdisciplinar. O processo de cria\u00e7\u00e3o foi nutrido por arquivos, escritos, pinturas e registros sonoros da artista, dispon\u00edveis no Centre de Voix Roy Hart, no sul da Fran\u00e7a.<\/p>\n\n\n\n<p>\u201cCantar esse repert\u00f3rio enquanto me reconectava com os rastros de Kozana nos arquivos foi um processo transformador. As decis\u00f5es composicionais surgiam da escuta, do corpo e das rela\u00e7\u00f5es com o entorno\u201d, afirma Paula Molinari. A artista realizou diversas partilhas p\u00fablicas ao longo do percurso, com confer\u00eancias-concerto e exposi\u00e7\u00f5es de partituras em processo, reunindo artistas, pesquisadores e comunidades interessadas em pr\u00e1ticas de escuta cr\u00edtica e cria\u00e7\u00e3o coletiva.<\/p>\n\n\n\n<p>A estrutura final do formato concerto foi desenvolvida sob a dire\u00e7\u00e3o c\u00eanica de V\u00e9ronique Taconet, que contribuiu com a costura dramat\u00fargica e espacial das miniaturas, potencializando o aspecto performativo e sensorial da obra.<\/p>\n\n\n\n<p>O encerramento da resid\u00eancia acontece entre 1\u00ba e 10 de julho, com destaque para os dias 8, 9 e 10, quando o p\u00fablico poder\u00e1 assistir ao ciclo completo de miniaturas vocais e participar de visitas guiadas. A a\u00e7\u00e3o integra tamb\u00e9m a devolutiva social do projeto, em parceria com o Programa de P\u00f3s-Gradua\u00e7\u00e3o da UFMA.<\/p>\n\n\n\n<p>O projeto foi contemplado pelo programa Iberm\u00fasicas 2024, na categoria \u201cApoio a Artistas e Pesquisadores para Resid\u00eancias\u201d.<\/p>\n\n\n\n<p>\u25cf 1 de julho: Bate-papo + Visita Guiada, Museu do Mar (Parna\u00edba, PI), Brasil<br>\u25cf 2 a 10 de julho: Exposi\u00e7\u00e3o de Partituras, Museu do Mar (Parna\u00edba, PI), Brasil<br>\u25cf 8, 9 e 10 de julho: Confer\u00eancia-Concertos + visita guiada, Museu do Mar (Parna\u00edba, PI), Brasil<\/p>\n","protected":false},"excerpt":{"rendered":"<p>A artista e pesquisadora brasileira Paula Molinari finaliza, em julho, sua resid\u00eancia art\u00edstica com a apresenta\u00e7\u00e3o do Ciclo de Miniaturas para Voz Solo, um projeto in\u00e9dito que integra experimenta\u00e7\u00e3o vocal, arte contempor\u00e2nea, ecologia sonora e escuta de saberes tradicionais. A etapa final do projeto ser\u00e1 realizada no Museu do Mar, em Parna\u00edba (PI), com uma [&hellip;]<\/p>\n","protected":false},"author":7,"featured_media":25054,"comment_status":"closed","ping_status":"closed","sticky":false,"template":"","format":"standard","meta":{"footnotes":""},"categories":[218],"tags":[],"class_list":["post-25056","post","type-post","status-publish","format-standard","has-post-thumbnail","hentry","category-noticias-generales-pt"],"lang":"pt","translations":{"pt":25056},"pll_sync_post":[],"post_mailing_queue_ids":[],"_links":{"self":[{"href":"http:\/\/staging.ibermusicas.org\/index.php\/wp-json\/wp\/v2\/posts\/25056","targetHints":{"allow":["GET"]}}],"collection":[{"href":"http:\/\/staging.ibermusicas.org\/index.php\/wp-json\/wp\/v2\/posts"}],"about":[{"href":"http:\/\/staging.ibermusicas.org\/index.php\/wp-json\/wp\/v2\/types\/post"}],"author":[{"embeddable":true,"href":"http:\/\/staging.ibermusicas.org\/index.php\/wp-json\/wp\/v2\/users\/7"}],"replies":[{"embeddable":true,"href":"http:\/\/staging.ibermusicas.org\/index.php\/wp-json\/wp\/v2\/comments?post=25056"}],"version-history":[{"count":1,"href":"http:\/\/staging.ibermusicas.org\/index.php\/wp-json\/wp\/v2\/posts\/25056\/revisions"}],"predecessor-version":[{"id":25057,"href":"http:\/\/staging.ibermusicas.org\/index.php\/wp-json\/wp\/v2\/posts\/25056\/revisions\/25057"}],"wp:featuredmedia":[{"embeddable":true,"href":"http:\/\/staging.ibermusicas.org\/index.php\/wp-json\/wp\/v2\/media\/25054"}],"wp:attachment":[{"href":"http:\/\/staging.ibermusicas.org\/index.php\/wp-json\/wp\/v2\/media?parent=25056"}],"wp:term":[{"taxonomy":"category","embeddable":true,"href":"http:\/\/staging.ibermusicas.org\/index.php\/wp-json\/wp\/v2\/categories?post=25056"},{"taxonomy":"post_tag","embeddable":true,"href":"http:\/\/staging.ibermusicas.org\/index.php\/wp-json\/wp\/v2\/tags?post=25056"}],"curies":[{"name":"wp","href":"https:\/\/api.w.org\/{rel}","templated":true}]}}