{"id":25058,"date":"2025-06-27T19:41:56","date_gmt":"2025-06-27T19:41:56","guid":{"rendered":"http:\/\/staging.ibermusicas.org\/?p=25058"},"modified":"2025-07-16T19:43:19","modified_gmt":"2025-07-16T19:43:19","slug":"espiral7-de-colombia-sera-parte-de-la-grilla-del-festival-sunfest-de-canada","status":"publish","type":"post","link":"http:\/\/staging.ibermusicas.org\/index.php\/espiral7-de-colombia-sera-parte-de-la-grilla-del-festival-sunfest-de-canada\/","title":{"rendered":"Espiral7 de Colombia, ser\u00e1 parte de la grilla del Festival Sunfest de Canad\u00e1"},"content":{"rendered":"\n<p>El Sunfest &#8217;25, presentado por TD Ready Commitment, vuelve para su 31.\u00aa edici\u00f3n con un cartel potente y oportuno de artistas que hablan del momento actual a trav\u00e9s del ritmo, la resistencia y la alegr\u00eda radical. El festival propone disfrutar de m\u00fasica de talla mundial, una gastronom\u00eda deliciosa y un alegre esp\u00edritu comunitario que transformar\u00e1 Victoria Park en una de las celebraciones gratuitas de la cultura global m\u00e1s grandes de Canad\u00e1. M\u00e1s de 46 conjuntos musicales de m\u00e1s de 22 pa\u00edses actuar\u00e1n en cinco escenarios al aire libre, rodeados de m\u00e1s de 225 expositores de comida y artesan\u00eda.<\/p>\n\n\n\n<p>El festival Sunset ha sido uno de los proyectos ganadores del concurso de Iberm\u00fasicas \u201cPremio Colombia en el mundo\u201d, convocatoria 2024, mediante el cual Colombia reconoce el m\u00e9rito de iniciativas o espacios que se vienen dedicando, a lo largo de los a\u00f1os, a la difusi\u00f3n de la m\u00fasica colombiana en el espacio iberoamericano y en todo el mundo,<\/p>\n\n\n\n<p>En su propuesta el festival Sunset present\u00f3 la participaci\u00f3n de la agrupaci\u00f3n colombiana Espiral7, formada en 2016 por Harlinson Lozano y Andr\u00e9s S\u00e1nchez. La banda se caracteriza por fusionar ritmos afrocolombianos con g\u00e9neros como el rock, la salsa, el jazz y el funk. Su m\u00fasica es una mezcla de sonidos de diversas partes de Colombia y del mundo, con influencias de la costa pac\u00edfica colombiana.<\/p>\n\n\n\n<ul class=\"wp-block-list\">\n<li>3 al 6 de julio Victoria Park, London, Ontario, Canad\u00e1<\/li>\n<\/ul>\n","protected":false},"excerpt":{"rendered":"<p>El Sunfest &#8217;25, presentado por TD Ready Commitment, vuelve para su 31.\u00aa edici\u00f3n con un cartel potente y oportuno de artistas que hablan del momento actual a trav\u00e9s del ritmo, la resistencia y la alegr\u00eda radical. El festival propone disfrutar de m\u00fasica de talla mundial, una gastronom\u00eda deliciosa y un alegre esp\u00edritu comunitario que transformar\u00e1 [&hellip;]<\/p>\n","protected":false},"author":7,"featured_media":25059,"comment_status":"closed","ping_status":"closed","sticky":false,"template":"","format":"standard","meta":{"footnotes":""},"categories":[53],"tags":[],"class_list":["post-25058","post","type-post","status-publish","format-standard","has-post-thumbnail","hentry","category-noticias-generales"],"lang":"es","translations":{"es":25058},"pll_sync_post":[],"post_mailing_queue_ids":[],"_links":{"self":[{"href":"http:\/\/staging.ibermusicas.org\/index.php\/wp-json\/wp\/v2\/posts\/25058","targetHints":{"allow":["GET"]}}],"collection":[{"href":"http:\/\/staging.ibermusicas.org\/index.php\/wp-json\/wp\/v2\/posts"}],"about":[{"href":"http:\/\/staging.ibermusicas.org\/index.php\/wp-json\/wp\/v2\/types\/post"}],"author":[{"embeddable":true,"href":"http:\/\/staging.ibermusicas.org\/index.php\/wp-json\/wp\/v2\/users\/7"}],"replies":[{"embeddable":true,"href":"http:\/\/staging.ibermusicas.org\/index.php\/wp-json\/wp\/v2\/comments?post=25058"}],"version-history":[{"count":1,"href":"http:\/\/staging.ibermusicas.org\/index.php\/wp-json\/wp\/v2\/posts\/25058\/revisions"}],"predecessor-version":[{"id":25060,"href":"http:\/\/staging.ibermusicas.org\/index.php\/wp-json\/wp\/v2\/posts\/25058\/revisions\/25060"}],"wp:featuredmedia":[{"embeddable":true,"href":"http:\/\/staging.ibermusicas.org\/index.php\/wp-json\/wp\/v2\/media\/25059"}],"wp:attachment":[{"href":"http:\/\/staging.ibermusicas.org\/index.php\/wp-json\/wp\/v2\/media?parent=25058"}],"wp:term":[{"taxonomy":"category","embeddable":true,"href":"http:\/\/staging.ibermusicas.org\/index.php\/wp-json\/wp\/v2\/categories?post=25058"},{"taxonomy":"post_tag","embeddable":true,"href":"http:\/\/staging.ibermusicas.org\/index.php\/wp-json\/wp\/v2\/tags?post=25058"}],"curies":[{"name":"wp","href":"https:\/\/api.w.org\/{rel}","templated":true}]}}