{"id":25061,"date":"2025-06-27T19:42:46","date_gmt":"2025-06-27T19:42:46","guid":{"rendered":"http:\/\/staging.ibermusicas.org\/?p=25061"},"modified":"2025-07-16T19:43:38","modified_gmt":"2025-07-16T19:43:38","slug":"espiral7-da-colombia-fara-parte-da-programacao-do-festival-sunfest-no-canada","status":"publish","type":"post","link":"http:\/\/staging.ibermusicas.org\/index.php\/espiral7-da-colombia-fara-parte-da-programacao-do-festival-sunfest-no-canada\/","title":{"rendered":"Espiral7, da Col\u00f4mbia, far\u00e1 parte da programa\u00e7\u00e3o do Festival Sunfest, no Canad\u00e1"},"content":{"rendered":"\n<p>O Sunfest &#8217;25, apresentado pela TD Ready Commitment, retorna para sua 31\u00aa edi\u00e7\u00e3o com um cartaz poderoso e oportuno de artistas que falam sobre o momento atual atrav\u00e9s do ritmo, da resist\u00eancia e da alegria radical. O festival prop\u00f5e desfrutar de m\u00fasica de n\u00edvel internacional, gastronomia deliciosa e um alegre esp\u00edrito comunit\u00e1rio que transformar\u00e1 o Victoria Park em uma das maiores celebra\u00e7\u00f5es gratuitas da cultura global do Canad\u00e1. Mais de 46 conjuntos musicais de mais de 22 pa\u00edses se apresentar\u00e3o em cinco palcos ao ar livre, rodeados por mais de 225 expositores de comida e artesanato.<\/p>\n\n\n\n<p>O festival Sunset foi um dos projetos vencedores do concurso Iberm\u00fasicas \u201cPr\u00eamio Col\u00f4mbia no Mundo\u201d, edi\u00e7\u00e3o 2024, atrav\u00e9s do qual a Col\u00f4mbia reconhece o m\u00e9rito de iniciativas ou espa\u00e7os que se dedicam, ao longo dos anos, \u00e0 difus\u00e3o da m\u00fasica colombiana no espa\u00e7o ibero-americano e em todo o mundo.<\/p>\n\n\n\n<p>Em sua proposta, o festival Sunset apresentou a participa\u00e7\u00e3o do grupo colombiano Espiral7, formado em 2016 por Harlinson Lozano e Andr\u00e9s S\u00e1nchez. A banda se caracteriza por fundir ritmos afro-colombianos com g\u00eaneros como rock, salsa, jazz e funk. Sua m\u00fasica \u00e9 uma mistura de sons de v\u00e1rias partes da Col\u00f4mbia e do mundo, com influ\u00eancias da costa pac\u00edfica colombiana.<\/p>\n\n\n\n<ul class=\"wp-block-list\">\n<li>3 a 6 de julho Victoria Park, London, Ont\u00e1rio, Canad\u00e1<\/li>\n<\/ul>\n","protected":false},"excerpt":{"rendered":"<p>O Sunfest &#8217;25, apresentado pela TD Ready Commitment, retorna para sua 31\u00aa edi\u00e7\u00e3o com um cartaz poderoso e oportuno de artistas que falam sobre o momento atual atrav\u00e9s do ritmo, da resist\u00eancia e da alegria radical. O festival prop\u00f5e desfrutar de m\u00fasica de n\u00edvel internacional, gastronomia deliciosa e um alegre esp\u00edrito comunit\u00e1rio que transformar\u00e1 o [&hellip;]<\/p>\n","protected":false},"author":7,"featured_media":25059,"comment_status":"closed","ping_status":"closed","sticky":false,"template":"","format":"standard","meta":{"footnotes":""},"categories":[218],"tags":[],"class_list":["post-25061","post","type-post","status-publish","format-standard","has-post-thumbnail","hentry","category-noticias-generales-pt"],"lang":"pt","translations":{"pt":25061},"pll_sync_post":[],"post_mailing_queue_ids":[],"_links":{"self":[{"href":"http:\/\/staging.ibermusicas.org\/index.php\/wp-json\/wp\/v2\/posts\/25061","targetHints":{"allow":["GET"]}}],"collection":[{"href":"http:\/\/staging.ibermusicas.org\/index.php\/wp-json\/wp\/v2\/posts"}],"about":[{"href":"http:\/\/staging.ibermusicas.org\/index.php\/wp-json\/wp\/v2\/types\/post"}],"author":[{"embeddable":true,"href":"http:\/\/staging.ibermusicas.org\/index.php\/wp-json\/wp\/v2\/users\/7"}],"replies":[{"embeddable":true,"href":"http:\/\/staging.ibermusicas.org\/index.php\/wp-json\/wp\/v2\/comments?post=25061"}],"version-history":[{"count":1,"href":"http:\/\/staging.ibermusicas.org\/index.php\/wp-json\/wp\/v2\/posts\/25061\/revisions"}],"predecessor-version":[{"id":25062,"href":"http:\/\/staging.ibermusicas.org\/index.php\/wp-json\/wp\/v2\/posts\/25061\/revisions\/25062"}],"wp:featuredmedia":[{"embeddable":true,"href":"http:\/\/staging.ibermusicas.org\/index.php\/wp-json\/wp\/v2\/media\/25059"}],"wp:attachment":[{"href":"http:\/\/staging.ibermusicas.org\/index.php\/wp-json\/wp\/v2\/media?parent=25061"}],"wp:term":[{"taxonomy":"category","embeddable":true,"href":"http:\/\/staging.ibermusicas.org\/index.php\/wp-json\/wp\/v2\/categories?post=25061"},{"taxonomy":"post_tag","embeddable":true,"href":"http:\/\/staging.ibermusicas.org\/index.php\/wp-json\/wp\/v2\/tags?post=25061"}],"curies":[{"name":"wp","href":"https:\/\/api.w.org\/{rel}","templated":true}]}}