{"id":25063,"date":"2025-06-27T20:03:57","date_gmt":"2025-06-27T20:03:57","guid":{"rendered":"http:\/\/staging.ibermusicas.org\/?p=25063"},"modified":"2025-07-16T20:04:29","modified_gmt":"2025-07-16T20:04:29","slug":"la-artista-brasilena-jessica-gaspar-realizara-una-importante-gira-por-cinco-paises-europeos","status":"publish","type":"post","link":"http:\/\/staging.ibermusicas.org\/index.php\/la-artista-brasilena-jessica-gaspar-realizara-una-importante-gira-por-cinco-paises-europeos\/","title":{"rendered":"La artista brasile\u00f1a J\u00e9ssica Gaspar realizar\u00e1 una importante gira por cinco pa\u00edses europeos"},"content":{"rendered":"\n<p>J\u00e9ssica Gaspar es una artista multifac\u00e9tica que combina poes\u00eda, m\u00fasica, danza, moda, cine y pintura para celebrar la ascendencia afrobrasile\u00f1a, el amor y la resistencia. Con esta gira, J\u00e9ssica demuestra que su arte traspasa fronteras. J\u00e9ssica busca nuevos p\u00fablicos y desea llevar su mensaje a\u00fan m\u00e1s lejos. <em>\u201dEstoy preparada, agradecida y segura. Ser\u00e1 un viaje incre\u00edble, un tiempo de paz y felicidad\u201d<\/em>, afirm\u00f3.<\/p>\n\n\n\n<p>M\u00e1s que cantar, J\u00e9ssica representa a una generaci\u00f3n de artistas negros que se ganan un espacio con talento, valent\u00eda y verdad. Su presencia en Europa es un paso m\u00e1s en este camino.<\/p>\n\n\n\n<p>Nacida en R\u00edo de Janeiro y afincada en Diamantina, J\u00e9ssica Gaspar es una artista multidisciplinar, escritora, compositora, int\u00e9rprete, core\u00f3grafa, educadora social, directora art\u00edstica, productora independiente, joven madre, investigadora y acad\u00e9mica en la licenciatura interdisciplinaria en Humanidades (Universidad Federal de los Valles de Jequitinhonha y Mucuri). Con una poes\u00eda sofisticada y un timbre de voz peculiar, sus composiciones acogen y suscitan importantes reflexiones sobre la ancestralidad, la emancipaci\u00f3n negra y femenina, la escritura, la necropol\u00edtica y la historia. Reconocida por la composici\u00f3n e interpretaci\u00f3n de la canci\u00f3n Deus \u00e9 uma mulher preta, tema del carnaval de Salvador en 2020, con el Bloco Ok\u00e1nb\u00ed, la artista ya se ha presentado en espacios culturales consagrados como el Circo Voador-RJ, el Auditorio Ibirapuera-SP, la Casa Natura Musical y el FAN &#8211; Festival de Arte Negra de Belo Horizonte-MG.<\/p>\n\n\n\n<p>Sus composiciones ya forman parte de la banda sonora de varios cortometrajes, documentales, series web, obras de teatro, performances y presentaciones art\u00edsticas.<\/p>\n\n\n\n<p>A los 28 a\u00f1os, J\u00e9ssica Gaspar recibi\u00f3 el reconocimiento como Liderazgo Negro y agente cultural por parte de la subsecretar\u00eda de Derechos Humanos de la Alcald\u00eda de R\u00edo de Janeiro. Tambi\u00e9n recibi\u00f3 en S\u00e3o Paulo el reconocimiento como artista del siglo XXI, voz negra necesaria para Brasil, por la Instituci\u00f3n Il\u00fa Ob\u00e1 del Ministerio de Educaci\u00f3n, Cultura y Arte Negro. En Salvador, J\u00e9ssica Gaspar recibi\u00f3 el reconocimiento como cantante, activista por la causa de las mujeres negras y compositora de la canci\u00f3n \u00abDeus \u00e9 uma mulher preta\u00bb (Dios es una mujer negra).<\/p>\n\n\n\n<p>J\u00e9ssica Gaspar tambi\u00e9n es miembro de la Asociaci\u00f3n Cultural, recreativa y carnavalesca Afox\u00e9 filhas de Ghandy, fundada en 1949.<\/p>\n\n\n\n<p>Esta gira de Gessica Gaspar se realiza con el apoyo de Iberm\u00fasicas a trav\u00e9s de su convocatoria \u00abAyuda a la circulaci\u00f3n de profesionales de la m\u00fasica\u00bb, convocatoria 2024.<\/p>\n\n\n\n<ul class=\"wp-block-list\">\n<li>5 de julio: Paris Plage, Par\u00eds, Francia<\/li>\n\n\n\n<li>5 de julio: Off Festival, Avi\u00f1\u00f3n, Francia<\/li>\n\n\n\n<li>9 de julio: Concierto L, Isla de Madeira, Portugal<\/li>\n\n\n\n<li>11 de julio: Lorosae, Lisboa, Portugal<\/li>\n\n\n\n<li>12 de julio: Psicotr\u00f3picos, Melkweg, \u00c1msterdam, Pa\u00edses Bajos<\/li>\n\n\n\n<li>19 de julio: Festival MIMO, Amarante, Portugal<\/li>\n\n\n\n<li>23 de julio: Jamboree, Barcelona, Espa\u00f1a<\/li>\n\n\n\n<li>27 de julio: Psicotr\u00f3picos, Neue Nationalgalerie, Berl\u00edn, Alemania<\/li>\n<\/ul>\n","protected":false},"excerpt":{"rendered":"<p>J\u00e9ssica Gaspar es una artista multifac\u00e9tica que combina poes\u00eda, m\u00fasica, danza, moda, cine y pintura para celebrar la ascendencia afrobrasile\u00f1a, el amor y la resistencia. Con esta gira, J\u00e9ssica demuestra que su arte traspasa fronteras. J\u00e9ssica busca nuevos p\u00fablicos y desea llevar su mensaje a\u00fan m\u00e1s lejos. \u201dEstoy preparada, agradecida y segura. Ser\u00e1 un viaje [&hellip;]<\/p>\n","protected":false},"author":7,"featured_media":25065,"comment_status":"closed","ping_status":"closed","sticky":false,"template":"","format":"standard","meta":{"footnotes":""},"categories":[53],"tags":[],"class_list":["post-25063","post","type-post","status-publish","format-standard","has-post-thumbnail","hentry","category-noticias-generales"],"lang":"es","translations":{"es":25063},"pll_sync_post":[],"post_mailing_queue_ids":[],"_links":{"self":[{"href":"http:\/\/staging.ibermusicas.org\/index.php\/wp-json\/wp\/v2\/posts\/25063","targetHints":{"allow":["GET"]}}],"collection":[{"href":"http:\/\/staging.ibermusicas.org\/index.php\/wp-json\/wp\/v2\/posts"}],"about":[{"href":"http:\/\/staging.ibermusicas.org\/index.php\/wp-json\/wp\/v2\/types\/post"}],"author":[{"embeddable":true,"href":"http:\/\/staging.ibermusicas.org\/index.php\/wp-json\/wp\/v2\/users\/7"}],"replies":[{"embeddable":true,"href":"http:\/\/staging.ibermusicas.org\/index.php\/wp-json\/wp\/v2\/comments?post=25063"}],"version-history":[{"count":1,"href":"http:\/\/staging.ibermusicas.org\/index.php\/wp-json\/wp\/v2\/posts\/25063\/revisions"}],"predecessor-version":[{"id":25066,"href":"http:\/\/staging.ibermusicas.org\/index.php\/wp-json\/wp\/v2\/posts\/25063\/revisions\/25066"}],"wp:featuredmedia":[{"embeddable":true,"href":"http:\/\/staging.ibermusicas.org\/index.php\/wp-json\/wp\/v2\/media\/25065"}],"wp:attachment":[{"href":"http:\/\/staging.ibermusicas.org\/index.php\/wp-json\/wp\/v2\/media?parent=25063"}],"wp:term":[{"taxonomy":"category","embeddable":true,"href":"http:\/\/staging.ibermusicas.org\/index.php\/wp-json\/wp\/v2\/categories?post=25063"},{"taxonomy":"post_tag","embeddable":true,"href":"http:\/\/staging.ibermusicas.org\/index.php\/wp-json\/wp\/v2\/tags?post=25063"}],"curies":[{"name":"wp","href":"https:\/\/api.w.org\/{rel}","templated":true}]}}