{"id":25067,"date":"2025-06-27T20:05:12","date_gmt":"2025-06-27T20:05:12","guid":{"rendered":"http:\/\/staging.ibermusicas.org\/?p=25067"},"modified":"2025-07-16T20:05:50","modified_gmt":"2025-07-16T20:05:50","slug":"a-artista-brasileira-jessica-gaspar-fara-uma-importante-turne-por-cinco-paises-europeios","status":"publish","type":"post","link":"http:\/\/staging.ibermusicas.org\/index.php\/a-artista-brasileira-jessica-gaspar-fara-uma-importante-turne-por-cinco-paises-europeios\/","title":{"rendered":"A artista brasileira J\u00e9ssica Gaspar far\u00e1 uma importante turn\u00ea por cinco pa\u00edses europeios"},"content":{"rendered":"\n<p>J\u00e9ssica Gaspar \u00e9 uma artista multifacetada que combina poesia, m\u00fasica, dan\u00e7a, moda, cinema e pintura para celebrar a ancestralidade afro-brasileira, o amor e a resist\u00eancia. Com essa turn\u00ea, J\u00e9ssica mostra que sua arte ultrapassa fronteiras. J\u00e9ssica busca novos p\u00fablicos e deseja levar sua mensagem ainda mais longe. \u201cEstou pronta, grata e confiante. Ser\u00e1 uma viagem incr\u00edvel, tempo de paz e felicidade\u201d, afirmou.<\/p>\n\n\n\n<p>Mais do que cantar, J\u00e9ssica representa uma gera\u00e7\u00e3o de artistas negros que conquistam espa\u00e7o com talento, coragem e verdade. Sua presen\u00e7a na Europa \u00e9 mais um passo importante nessa caminhada.<\/p>\n\n\n\n<p>Nascida no Rio de Janeiro e radicada em Diamantina, J\u00e9ssica Gaspar \u00e9 artista multidisciplinar, escritora, compositora, performer, core\u00f3grafa, educadora social, diretora art\u00edstica, produtora independente, jovem m\u00e3e, pesquisadora e acad\u00eamica no bacharelado interdisciplinar em Humanidades (Universidade Federal dos Vales do Jequitinhonha e Mucuri). Com uma poesia sofisticada e timbre peculiar de voz, suas composi\u00e7\u00f5es acolhem e suscitam reflex\u00f5es importantes sobre ancestralidade, emancipa\u00e7\u00e3o negra e feminina, escreviv\u00eancia, necropol\u00edtica e Hist\u00f3ria. Reconhecida pela composi\u00e7\u00e3o e interpreta\u00e7\u00e3o da can\u00e7\u00e3o Deus \u00e9 uma mulher preta, enredo no carnaval de Salvador em 2020, com o Bloco Ok\u00e1nb\u00ed, a artista j\u00e1 se apresentou em espa\u00e7os culturais consagrados como o Circo Voador-RJ, o Audit\u00f3rio Ibirapuera-SP, Casa Natura Musical e FAN &#8211; Festival de Arte Negra de Belo Horizonte-MG.<\/p>\n\n\n\n<p>Suas composi\u00e7\u00f5es j\u00e1 integram a trilha sonora de diversos curta-metragens, document\u00e1rios, web-series, pe\u00e7as de teatro, performances e apresenta\u00e7\u00f5es art\u00edsticas.<\/p>\n\n\n\n<p>Aos 28 anos, J\u00e9ssica Gaspar recebeu o reconhecimento como Lideran\u00e7a Negra e agente cultural pela subsecretaria de Direitos Humanos da Prefeitura do Rio de Janeiro. Recebeu tamb\u00e9m em S\u00e3o Paulo o reconhecimento como artista do s\u00e9culo 21, voz negra necess\u00e1ria para o Brasil pela Institui\u00e7\u00e3o Il\u00fa Ob\u00e1 do Minist\u00e9rio de Educa\u00e7\u00e3o, Cultura e Arte Negra. Em Salvador, J\u00e9ssica Gaspar recebeu o reconhecimento como cantora, ativista pela causa das mulheres negras e compositora da can\u00e7\u00e3o \u201cDeus \u00e9 uma mulher preta\u201d.<\/p>\n\n\n\n<p>J\u00e9ssica Gaspar tamb\u00e9m \u00e9 Membro da Associa\u00e7\u00e3o cultural, recreativa e carnavalesca Afox\u00e9 filhas de Ghandy, fundada em 1949.<\/p>\n\n\n\n<p>Esta turn\u00ea de Gessica Gaspar \u00e9 realizada com o apoio do Iberm\u00fasicas atrav\u00e9s do seu edital \u201cApoio \u00e0 circula\u00e7\u00e3o de profissionais da m\u00fasica\u201d, convocat\u00f3ria 2024.<\/p>\n\n\n\n<p>\u25cf 5 de julho: Paris Plage, Paris, Fran\u00e7a<br>\u25cf 5 de julho: Off Festival, Avignon, Fran\u00e7a<br>\u25cf 9 de julho: Concerto L, Ilha Madeira, Portugal<br>\u25cf 11 de julho: Lorosae, Lisboa, Portugal<br>\u25cf 12 de julho: Psicotr\u00f3picos, Melkweg, Amsterdam, Pa\u00edses Baixos<br>\u25cf 19 de julho: Festival MIMO, Amarante, Portugal<br>\u25cf 23 de julho: Jamboree, Barcelona, Espa\u00f1a<br>\u25cf 27 de julho: Psicotr\u00f3picos, Neue Nationalgalerie, Berlin, Alemanha<\/p>\n","protected":false},"excerpt":{"rendered":"<p>J\u00e9ssica Gaspar \u00e9 uma artista multifacetada que combina poesia, m\u00fasica, dan\u00e7a, moda, cinema e pintura para celebrar a ancestralidade afro-brasileira, o amor e a resist\u00eancia. Com essa turn\u00ea, J\u00e9ssica mostra que sua arte ultrapassa fronteiras. J\u00e9ssica busca novos p\u00fablicos e deseja levar sua mensagem ainda mais longe. \u201cEstou pronta, grata e confiante. Ser\u00e1 uma viagem [&hellip;]<\/p>\n","protected":false},"author":7,"featured_media":25065,"comment_status":"closed","ping_status":"closed","sticky":false,"template":"","format":"standard","meta":{"footnotes":""},"categories":[218],"tags":[],"class_list":["post-25067","post","type-post","status-publish","format-standard","has-post-thumbnail","hentry","category-noticias-generales-pt"],"lang":"pt","translations":{"pt":25067},"pll_sync_post":[],"post_mailing_queue_ids":[],"_links":{"self":[{"href":"http:\/\/staging.ibermusicas.org\/index.php\/wp-json\/wp\/v2\/posts\/25067","targetHints":{"allow":["GET"]}}],"collection":[{"href":"http:\/\/staging.ibermusicas.org\/index.php\/wp-json\/wp\/v2\/posts"}],"about":[{"href":"http:\/\/staging.ibermusicas.org\/index.php\/wp-json\/wp\/v2\/types\/post"}],"author":[{"embeddable":true,"href":"http:\/\/staging.ibermusicas.org\/index.php\/wp-json\/wp\/v2\/users\/7"}],"replies":[{"embeddable":true,"href":"http:\/\/staging.ibermusicas.org\/index.php\/wp-json\/wp\/v2\/comments?post=25067"}],"version-history":[{"count":1,"href":"http:\/\/staging.ibermusicas.org\/index.php\/wp-json\/wp\/v2\/posts\/25067\/revisions"}],"predecessor-version":[{"id":25068,"href":"http:\/\/staging.ibermusicas.org\/index.php\/wp-json\/wp\/v2\/posts\/25067\/revisions\/25068"}],"wp:featuredmedia":[{"embeddable":true,"href":"http:\/\/staging.ibermusicas.org\/index.php\/wp-json\/wp\/v2\/media\/25065"}],"wp:attachment":[{"href":"http:\/\/staging.ibermusicas.org\/index.php\/wp-json\/wp\/v2\/media?parent=25067"}],"wp:term":[{"taxonomy":"category","embeddable":true,"href":"http:\/\/staging.ibermusicas.org\/index.php\/wp-json\/wp\/v2\/categories?post=25067"},{"taxonomy":"post_tag","embeddable":true,"href":"http:\/\/staging.ibermusicas.org\/index.php\/wp-json\/wp\/v2\/tags?post=25067"}],"curies":[{"name":"wp","href":"https:\/\/api.w.org\/{rel}","templated":true}]}}