{"id":25069,"date":"2025-06-27T20:07:21","date_gmt":"2025-06-27T20:07:21","guid":{"rendered":"http:\/\/staging.ibermusicas.org\/?p=25069"},"modified":"2025-07-16T20:07:53","modified_gmt":"2025-07-16T20:07:53","slug":"el-coro-femenino-mayahuel-de-mexico-se-presentara-en-la-3ra-edicion-del-ficfe-2025-en-san-jose-de-costa-rica","status":"publish","type":"post","link":"http:\/\/staging.ibermusicas.org\/index.php\/el-coro-femenino-mayahuel-de-mexico-se-presentara-en-la-3ra-edicion-del-ficfe-2025-en-san-jose-de-costa-rica\/","title":{"rendered":"El Coro Femenino Mayahuel de M\u00e9xico se presentar\u00e1 en la 3ra edici\u00f3n del FICFE 2025, en San Jos\u00e9 de Costa Rica"},"content":{"rendered":"\n<p>El Coro Femenino Mayahuel se presentar\u00e1 en la edici\u00f3n 2025 del FICFE (Festival Internacional de Coros Femeninos en Latinoam\u00e9rica). El coro fue fundado en 2020 por su directora Wilmia Verrier Qui\u00f1ones y se ha convertido con el tiempo en un espacio de desarrollo creativo para mujeres de todas las edades y perfiles.<\/p>\n\n\n\n<p>El \u00e9nfasis se deposita en brindar opciones y oportunidades que puedan mejorar la calidad de vida de las personas a trav\u00e9s del poder transformador de la m\u00fasica coral, tanto a nivel personal como en niveles t\u00e9cnico, art\u00edstico e interpretativos.<\/p>\n\n\n\n<p>Adem\u00e1s de la interpretaci\u00f3n de m\u00fasica coral de todas las \u00e9pocas, estilos, g\u00e9neros y compositores\/as, este coro se centra en la creaci\u00f3n y desarrollo de m\u00e1s agrupaciones corales, organizaci\u00f3n de espacios formativos y de superaci\u00f3n (talleres, conferencias, festivales, clases magistrales, intercambios con directores, maestros, cantores, etc.).<\/p>\n\n\n\n<p>Mayahuel tambi\u00e9n visibiliza el repertorio hecho por mujeres y j\u00f3venes compositores; explora posibilidades t\u00edmbricas y sonoras de la voz humana; la integraci\u00f3n de las artes a trav\u00e9s de proyectos interdisciplinarios y defiende a las causas injustas por violencia, maltratos y desapariciones, hacia la mujer y hacia ni\u00f1os y ni\u00f1as.<\/p>\n\n\n\n<p>Su directora, Wilmia Verrier Qui\u00f1ones es M\u00e1ster en M\u00fasica en Interpretaci\u00f3n en Direcci\u00f3n Coral de la Universidad de las Artes (ISA), La Habana, Cuba. Graduada en el a\u00f1o 2002 de Direcci\u00f3n Coral de esa propia instituci\u00f3n bajo la tutela de la maestra Mar\u00eda Felicia P\u00e9rez. Graduada de Nivel Medio de Direcci\u00f3n Coral de la Escuela Nacional de M\u00fasica de La Habana, con el maestro Jos\u00e9 Rolando Dur\u00e1n. Ha impartido clases en la Escuela Nacional de M\u00fasica (ENA), en la Universidad de las Artes (ISA), en el Conservatorio Amadeo Rold\u00e1n y en el de Guillermo Tom\u00e1s, ambos de La Habana. Fue directora de la agrupaci\u00f3n femenina profesional Ensemble Vocal Luna de 2011 a 2018, con la cual particip\u00f3 en festivales nacionales e internacionales, siendo merecedoras de dos medallas de oro en X World Choir Games in Tshwane, Southafrica, en 2018. Es creadora del coro Mayahuel, con el cual se ha presentado en Festivales y Concursos internacionales, destacando su participaci\u00f3n en el World Peace Choral Festival 2021, en Viena, donde obtuvieron medalla de oro en categor\u00eda de Coros Femeninos y Masculinos. Desde 2021 es maestra de Direcci\u00f3n Coral del Departamento de M\u00fasica de la Universidad de Guadalajara, M\u00e9xico y directora del Coro de C\u00e1mara de esta instituci\u00f3n, merecedores en julio de 2024 en el 70 Certamen Internacional de Habaneras y polifon\u00edas de Torrevieja, Espa\u00f1a de los premios: 1er Premio de Habaneras y Polifon\u00edas Ricardo Lafuente, 3er Premio de Polifon\u00eda, Premio de la Excelent\u00edsima diputaci\u00f3n de Alicante y premio a la mejor direcci\u00f3n. Es creadora y miembro del Comit\u00e9 Art\u00edstico y Directivo de FICFE, Festival Internacional de Coros Femeninos de Latinoam\u00e9rica. Miembro de la IFCM (Federaci\u00f3n Internacional para la m\u00fasica coral) desde 2022. Es miembro de la Asociaci\u00f3n Kod\u00e1ly de M\u00e9xico (2021) y miembro de FLADEM (Foro Latinoamericano de Educaci\u00f3n Musical, 2021).<\/p>\n\n\n\n<p>Esta gira del Coro Femenino Mayahuel es posible gracias al apoyo de Iberm\u00fasicas, mediante su l\u00ednea de \u201cAyuda a la circulaci\u00f3n de profesionales de la m\u00fasica\u201d, convocatoria 2024.<\/p>\n\n\n\n<ul class=\"wp-block-list\">\n<li>Del 6 al 11 de julio en FICFE (Festival Internacional de Coros Femeninos en Latinoam\u00e9rica), San Jos\u00e9 de Costa Rica<\/li>\n<\/ul>\n","protected":false},"excerpt":{"rendered":"<p>El Coro Femenino Mayahuel se presentar\u00e1 en la edici\u00f3n 2025 del FICFE (Festival Internacional de Coros Femeninos en Latinoam\u00e9rica). El coro fue fundado en 2020 por su directora Wilmia Verrier Qui\u00f1ones y se ha convertido con el tiempo en un espacio de desarrollo creativo para mujeres de todas las edades y perfiles. El \u00e9nfasis se [&hellip;]<\/p>\n","protected":false},"author":7,"featured_media":25070,"comment_status":"closed","ping_status":"closed","sticky":false,"template":"","format":"standard","meta":{"footnotes":""},"categories":[52,48],"tags":[],"class_list":["post-25069","post","type-post","status-publish","format-standard","has-post-thumbnail","hentry","category-noticias-ibermusicas","category-noticias-rotativas"],"lang":"es","translations":{"es":25069},"pll_sync_post":[],"post_mailing_queue_ids":[],"_links":{"self":[{"href":"http:\/\/staging.ibermusicas.org\/index.php\/wp-json\/wp\/v2\/posts\/25069","targetHints":{"allow":["GET"]}}],"collection":[{"href":"http:\/\/staging.ibermusicas.org\/index.php\/wp-json\/wp\/v2\/posts"}],"about":[{"href":"http:\/\/staging.ibermusicas.org\/index.php\/wp-json\/wp\/v2\/types\/post"}],"author":[{"embeddable":true,"href":"http:\/\/staging.ibermusicas.org\/index.php\/wp-json\/wp\/v2\/users\/7"}],"replies":[{"embeddable":true,"href":"http:\/\/staging.ibermusicas.org\/index.php\/wp-json\/wp\/v2\/comments?post=25069"}],"version-history":[{"count":1,"href":"http:\/\/staging.ibermusicas.org\/index.php\/wp-json\/wp\/v2\/posts\/25069\/revisions"}],"predecessor-version":[{"id":25071,"href":"http:\/\/staging.ibermusicas.org\/index.php\/wp-json\/wp\/v2\/posts\/25069\/revisions\/25071"}],"wp:featuredmedia":[{"embeddable":true,"href":"http:\/\/staging.ibermusicas.org\/index.php\/wp-json\/wp\/v2\/media\/25070"}],"wp:attachment":[{"href":"http:\/\/staging.ibermusicas.org\/index.php\/wp-json\/wp\/v2\/media?parent=25069"}],"wp:term":[{"taxonomy":"category","embeddable":true,"href":"http:\/\/staging.ibermusicas.org\/index.php\/wp-json\/wp\/v2\/categories?post=25069"},{"taxonomy":"post_tag","embeddable":true,"href":"http:\/\/staging.ibermusicas.org\/index.php\/wp-json\/wp\/v2\/tags?post=25069"}],"curies":[{"name":"wp","href":"https:\/\/api.w.org\/{rel}","templated":true}]}}