{"id":25072,"date":"2025-06-27T20:08:39","date_gmt":"2025-06-27T20:08:39","guid":{"rendered":"http:\/\/staging.ibermusicas.org\/?p=25072"},"modified":"2025-07-16T20:09:15","modified_gmt":"2025-07-16T20:09:15","slug":"o-coro-feminino-mayahuel-do-mexico-se-apresentara-na-3a-edicao-do-ficfe-2025-em-san-jose-costa-rica","status":"publish","type":"post","link":"http:\/\/staging.ibermusicas.org\/index.php\/o-coro-feminino-mayahuel-do-mexico-se-apresentara-na-3a-edicao-do-ficfe-2025-em-san-jose-costa-rica\/","title":{"rendered":"O Coro Feminino Mayahuel do M\u00e9xico se apresentar\u00e1 na 3\u00aa edi\u00e7\u00e3o do FICFE 2025, em San Jos\u00e9, Costa Rica"},"content":{"rendered":"\n<p>O Coro Feminino Mayahuel se apresentar\u00e1 na edi\u00e7\u00e3o 2025 do FICFE (Festival Internacional de Coros Femininos na Am\u00e9rica Latina). O coro foi fundado em 2020 pela diretora Wilmia Verrier Qui\u00f1ones e, com o tempo, tornou-se um espa\u00e7o de desenvolvimento criativo para mulheres de todas as idades e perfis.<\/p>\n\n\n\n<p>A \u00eanfase \u00e9 colocada em oferecer op\u00e7\u00f5es e oportunidades que possam melhorar a qualidade de vida das pessoas atrav\u00e9s do poder transformador da m\u00fasica coral, tanto a n\u00edvel pessoal como t\u00e9cnico, art\u00edstico e interpretativo.<\/p>\n\n\n\n<p>Al\u00e9m da interpreta\u00e7\u00e3o de m\u00fasica coral de todas as \u00e9pocas, estilos, g\u00eaneros e compositores, este coro se concentra na cria\u00e7\u00e3o e desenvolvimento de mais grupos corais, organiza\u00e7\u00e3o de espa\u00e7os de forma\u00e7\u00e3o e aperfei\u00e7oamento (oficinas, confer\u00eancias, festivais, masterclasses, interc\u00e2mbios com diretores, professores, cantores, etc.).<\/p>\n\n\n\n<p>Mayahuel tamb\u00e9m d\u00e1 visibilidade ao repert\u00f3rio composto por mulheres e jovens compositores; explora possibilidades t\u00edmbricas e sonoras da voz humana; a integra\u00e7\u00e3o das artes atrav\u00e9s de projetos interdisciplinares e defende causas injustas contra a viol\u00eancia, maus-tratos e desaparecimentos de mulheres e crian\u00e7as.<\/p>\n\n\n\n<p>Sua diretora, Wilmia Verrier Qui\u00f1ones, \u00e9 mestre em M\u00fasica em Interpreta\u00e7\u00e3o em Dire\u00e7\u00e3o Coral pela Universidade das Artes (ISA), Havana, Cuba. Formada em 2002 em Dire\u00e7\u00e3o Coral pela mesma institui\u00e7\u00e3o, sob a orienta\u00e7\u00e3o da professora Mar\u00eda Felicia P\u00e9rez. Formada em N\u00edvel M\u00e9dio em Dire\u00e7\u00e3o Coral pela Escola Nacional de M\u00fasica de Havana, com o professor Jos\u00e9 Rolando Dur\u00e1n. Ministrou aulas na Escola Nacional de M\u00fasica (ENA), na Universidade das Artes (ISA), no Conservat\u00f3rio Amadeo Rold\u00e1n e no Conservat\u00f3rio Guillermo Tom\u00e1s, ambos em Havana. Foi diretora do grupo feminino profissional Ensemble Vocal Luna de 2011 a 2018, com o qual participou de festivais nacionais e internacionais, sendo merecedora de duas medalhas de ouro no X World Choir Games em Tshwane, \u00c1frica do Sul, em 2018. \u00c9 criadora do coro Mayahuel, com o qual se apresentou em festivais e concursos internacionais, destacando-se sua participa\u00e7\u00e3o no World Peace Choral Festival 2021, em Viena, onde conquistou medalha de ouro na categoria Coros Femininos e Masculinos. Desde 2021, \u00e9 professora de Dire\u00e7\u00e3o Coral no Departamento de M\u00fasica da Universidade de Guadalajara, M\u00e9xico, e diretora do Coro de C\u00e2mara desta institui\u00e7\u00e3o, que em julho de 2024, no 70\u00ba Concurso Internacional de Habaneras e Polifonias de Torrevieja, Espanha, recebeu os seguintes pr\u00eamios: 1\u00ba Pr\u00eamio de Habaneras e Polifonias Ricardo Lafuente, 3\u00ba Pr\u00eamio de Polifonia, Pr\u00eamio da Excelent\u00edssima Deputa\u00e7\u00e3o de Alicante e pr\u00eamio de melhor dire\u00e7\u00e3o. \u00c9 criadora e membro do Comit\u00ea Art\u00edstico e Diretivo do FICFE, Festival Internacional de Coros Femininos da Am\u00e9rica Latina. Membro da IFCM (Federa\u00e7\u00e3o Internacional para a M\u00fasica Coral) desde 2022. \u00c9 membro da Associa\u00e7\u00e3o Kod\u00e1ly do M\u00e9xico (2021) e membro da FLADEM (F\u00f3rum Latino-Americano de Educa\u00e7\u00e3o Musical, 2021).<\/p>\n\n\n\n<p>Esta turn\u00ea do Coro Feminino Mayahuel \u00e9 poss\u00edvel gra\u00e7as ao apoio da Iberm\u00fasicas, atrav\u00e9s de sua linha de \u201cApoio \u00e0 circula\u00e7\u00e3o de profissionais da m\u00fasica\u201d, convocat\u00f3ria 2024.<\/p>\n\n\n\n<ul class=\"wp-block-list\">\n<li>De 6 a 11 de julho no FICFE (Festival Internacional de Coros Femininos na Am\u00e9rica Latina), San Jos\u00e9, Costa Rica.<\/li>\n<\/ul>\n","protected":false},"excerpt":{"rendered":"<p>O Coro Feminino Mayahuel se apresentar\u00e1 na edi\u00e7\u00e3o 2025 do FICFE (Festival Internacional de Coros Femininos na Am\u00e9rica Latina). O coro foi fundado em 2020 pela diretora Wilmia Verrier Qui\u00f1ones e, com o tempo, tornou-se um espa\u00e7o de desenvolvimento criativo para mulheres de todas as idades e perfis. A \u00eanfase \u00e9 colocada em oferecer op\u00e7\u00f5es [&hellip;]<\/p>\n","protected":false},"author":7,"featured_media":25070,"comment_status":"closed","ping_status":"closed","sticky":false,"template":"","format":"standard","meta":{"footnotes":""},"categories":[218,222],"tags":[],"class_list":["post-25072","post","type-post","status-publish","format-standard","has-post-thumbnail","hentry","category-noticias-generales-pt","category-noticias-rotativas-pt"],"lang":"pt","translations":{"pt":25072},"pll_sync_post":[],"post_mailing_queue_ids":[],"_links":{"self":[{"href":"http:\/\/staging.ibermusicas.org\/index.php\/wp-json\/wp\/v2\/posts\/25072","targetHints":{"allow":["GET"]}}],"collection":[{"href":"http:\/\/staging.ibermusicas.org\/index.php\/wp-json\/wp\/v2\/posts"}],"about":[{"href":"http:\/\/staging.ibermusicas.org\/index.php\/wp-json\/wp\/v2\/types\/post"}],"author":[{"embeddable":true,"href":"http:\/\/staging.ibermusicas.org\/index.php\/wp-json\/wp\/v2\/users\/7"}],"replies":[{"embeddable":true,"href":"http:\/\/staging.ibermusicas.org\/index.php\/wp-json\/wp\/v2\/comments?post=25072"}],"version-history":[{"count":1,"href":"http:\/\/staging.ibermusicas.org\/index.php\/wp-json\/wp\/v2\/posts\/25072\/revisions"}],"predecessor-version":[{"id":25073,"href":"http:\/\/staging.ibermusicas.org\/index.php\/wp-json\/wp\/v2\/posts\/25072\/revisions\/25073"}],"wp:featuredmedia":[{"embeddable":true,"href":"http:\/\/staging.ibermusicas.org\/index.php\/wp-json\/wp\/v2\/media\/25070"}],"wp:attachment":[{"href":"http:\/\/staging.ibermusicas.org\/index.php\/wp-json\/wp\/v2\/media?parent=25072"}],"wp:term":[{"taxonomy":"category","embeddable":true,"href":"http:\/\/staging.ibermusicas.org\/index.php\/wp-json\/wp\/v2\/categories?post=25072"},{"taxonomy":"post_tag","embeddable":true,"href":"http:\/\/staging.ibermusicas.org\/index.php\/wp-json\/wp\/v2\/tags?post=25072"}],"curies":[{"name":"wp","href":"https:\/\/api.w.org\/{rel}","templated":true}]}}