{"id":25077,"date":"2025-06-27T20:15:31","date_gmt":"2025-06-27T20:15:31","guid":{"rendered":"http:\/\/staging.ibermusicas.org\/?p=25077"},"modified":"2025-07-16T20:18:10","modified_gmt":"2025-07-16T20:18:10","slug":"o-grupo-mexicano-songuirirongui-dedicado-a-musica-infantil-realizara-uma-turne-pela-argentina","status":"publish","type":"post","link":"http:\/\/staging.ibermusicas.org\/index.php\/o-grupo-mexicano-songuirirongui-dedicado-a-musica-infantil-realizara-uma-turne-pela-argentina\/","title":{"rendered":"O grupo mexicano Songuirirongui, dedicado \u00e0 m\u00fasica infantil, realizar\u00e1 uma turn\u00ea pela Argentina"},"content":{"rendered":"\n<p>Songuirirongui \u00e9 um projeto musical que busca enriquecer o repert\u00f3rio nacional de can\u00e7\u00f5es infantis para as novas gera\u00e7\u00f5es de crian\u00e7as mexicanas. Esta proposta tem como ponto de partida a tradi\u00e7\u00e3o e o folclore mexicano na cria\u00e7\u00e3o de melodias originais para se aproximar das crian\u00e7as de uma forma l\u00fadica e divertida, que ao mesmo tempo contribua de forma positiva para as vis\u00f5es da vida e do mundo.<\/p>\n\n\n\n<p>Durante a apresenta\u00e7\u00e3o de cada concerto, Songuirirongui busca que o p\u00fablico desfrute de um espet\u00e1culo de qualidade e experimente uma intera\u00e7\u00e3o divertida na qual todos possam cantar, dan\u00e7ar e brincar.<\/p>\n\n\n\n<p>Songuirirongui conta com um trabalho cuidadoso em sua produ\u00e7\u00e3o, composi\u00e7\u00e3o e tem\u00e1tica, criando assim um produto art\u00edstico integral ideal para crian\u00e7as e adultos.<\/p>\n\n\n\n<p>Esta turn\u00ea de Songuirirongui conta com o apoio da Iberm\u00fasicas, por meio de sua linha de \u201cApoio \u00e0 circula\u00e7\u00e3o de profissionais da m\u00fasica\u201d, convocat\u00f3ria 2024.<\/p>\n\n\n\n<ul class=\"wp-block-list\">\n<li>11 de julho: Casa del Bicentenario, El Bols\u00f3n, Rio Negro, Argentina<\/li>\n\n\n\n<li>12 de julho: Espacio Trama, San Mart\u00edn de los Andes, Neuqu\u00e9n, Argentina<\/li>\n\n\n\n<li>13 de julho: Moma Multiespacio, Bariloche, Neuqu\u00e9n, Argentina<\/li>\n\n\n\n<li>15 de julho: Deriva Teatro, Cidade de Neuqu\u00e9n, Argentina<\/li>\n\n\n\n<li>16 de julho: Casa de la Cultura, Fiske Menuco, Rio Negro, Argentina<\/li>\n<\/ul>\n","protected":false},"excerpt":{"rendered":"<p>Songuirirongui \u00e9 um projeto musical que busca enriquecer o repert\u00f3rio nacional de can\u00e7\u00f5es infantis para as novas gera\u00e7\u00f5es de crian\u00e7as mexicanas. Esta proposta tem como ponto de partida a tradi\u00e7\u00e3o e o folclore mexicano na cria\u00e7\u00e3o de melodias originais para se aproximar das crian\u00e7as de uma forma l\u00fadica e divertida, que ao mesmo tempo contribua [&hellip;]<\/p>\n","protected":false},"author":7,"featured_media":25075,"comment_status":"closed","ping_status":"closed","sticky":false,"template":"","format":"standard","meta":{"footnotes":""},"categories":[218,222],"tags":[],"class_list":["post-25077","post","type-post","status-publish","format-standard","has-post-thumbnail","hentry","category-noticias-generales-pt","category-noticias-rotativas-pt"],"lang":"pt","translations":{"pt":25077},"pll_sync_post":[],"post_mailing_queue_ids":[],"_links":{"self":[{"href":"http:\/\/staging.ibermusicas.org\/index.php\/wp-json\/wp\/v2\/posts\/25077","targetHints":{"allow":["GET"]}}],"collection":[{"href":"http:\/\/staging.ibermusicas.org\/index.php\/wp-json\/wp\/v2\/posts"}],"about":[{"href":"http:\/\/staging.ibermusicas.org\/index.php\/wp-json\/wp\/v2\/types\/post"}],"author":[{"embeddable":true,"href":"http:\/\/staging.ibermusicas.org\/index.php\/wp-json\/wp\/v2\/users\/7"}],"replies":[{"embeddable":true,"href":"http:\/\/staging.ibermusicas.org\/index.php\/wp-json\/wp\/v2\/comments?post=25077"}],"version-history":[{"count":1,"href":"http:\/\/staging.ibermusicas.org\/index.php\/wp-json\/wp\/v2\/posts\/25077\/revisions"}],"predecessor-version":[{"id":25078,"href":"http:\/\/staging.ibermusicas.org\/index.php\/wp-json\/wp\/v2\/posts\/25077\/revisions\/25078"}],"wp:featuredmedia":[{"embeddable":true,"href":"http:\/\/staging.ibermusicas.org\/index.php\/wp-json\/wp\/v2\/media\/25075"}],"wp:attachment":[{"href":"http:\/\/staging.ibermusicas.org\/index.php\/wp-json\/wp\/v2\/media?parent=25077"}],"wp:term":[{"taxonomy":"category","embeddable":true,"href":"http:\/\/staging.ibermusicas.org\/index.php\/wp-json\/wp\/v2\/categories?post=25077"},{"taxonomy":"post_tag","embeddable":true,"href":"http:\/\/staging.ibermusicas.org\/index.php\/wp-json\/wp\/v2\/tags?post=25077"}],"curies":[{"name":"wp","href":"https:\/\/api.w.org\/{rel}","templated":true}]}}