{"id":25080,"date":"2025-06-27T21:59:07","date_gmt":"2025-06-27T21:59:07","guid":{"rendered":"http:\/\/staging.ibermusicas.org\/?p=25080"},"modified":"2025-07-16T21:59:30","modified_gmt":"2025-07-16T21:59:30","slug":"llega-la-edicion-2025-del-festival-internacional-de-samba-de-coburg-alemania","status":"publish","type":"post","link":"http:\/\/staging.ibermusicas.org\/index.php\/llega-la-edicion-2025-del-festival-internacional-de-samba-de-coburg-alemania\/","title":{"rendered":"Llega la edici\u00f3n 2025 del Festival Internacional de Samba de Coburg, Alemania"},"content":{"rendered":"\n<p>Cada a\u00f1o, durante el segundo fin de semana de julio, el Festival Internacional de Samba de Coburg atrae a unos 200.000 visitantes a esa pintoresca ciudad de&nbsp; Baviera, Alemania, situada a orillas del r\u00edo Itz. Lo que comenz\u00f3 con unos pocos miles de visitantes es hoy el mayor festival de samba fuera de Brasil. Nacido de una idea descabellada de los organizadores Rolf Beyersdorf y Christof Pilarzyk hace 20 a\u00f1os, se ha convertido en un festival con alrededor de 3.000 sambistas y ya es conocido mucho m\u00e1s all\u00e1 de las fronteras de Alemania.<\/p>\n\n\n\n<p>La \u00abCoburg Cabana\u00bb es una mezcla de samba callejera y grandes escenarios, de actuaciones de percusi\u00f3n y danza, de eventos en interiores y al aire libre, de talleres y concursos, de tradici\u00f3n y cambio. Adem\u00e1s de numerosas estrellas e invitados de honor de Brasil y Alemania, el Festival de Samba es ante todo un lugar de encuentro para escuelas y blocos de samba europeos que defiende la alegr\u00eda de vivir, la tolerancia, la paz y la diversidad musical y cultural.<\/p>\n\n\n\n<p>El Festival Internacional de Samba de Coburg ha recibido el Premio Especial Brasil &#8211; Iberm\u00fasicas &#8211; 2024, mediante el cual la Fundaci\u00f3n Nacional de las Artes de Brasil (FUNARTE) premia iniciativas que difunden las m\u00fasicas del Brasil, fuera del territorio nacional y en cualquier parte del mundo.<\/p>\n\n\n\n<ul class=\"wp-block-list\">\n<li>Del 11 al 13 de julio en todo el centro de la ciudad, Coburgo, Baviera, Alemania<\/li>\n<\/ul>\n","protected":false},"excerpt":{"rendered":"<p>Cada a\u00f1o, durante el segundo fin de semana de julio, el Festival Internacional de Samba de Coburg atrae a unos 200.000 visitantes a esa pintoresca ciudad de&nbsp; Baviera, Alemania, situada a orillas del r\u00edo Itz. Lo que comenz\u00f3 con unos pocos miles de visitantes es hoy el mayor festival de samba fuera de Brasil. Nacido [&hellip;]<\/p>\n","protected":false},"author":7,"featured_media":25081,"comment_status":"closed","ping_status":"closed","sticky":false,"template":"","format":"standard","meta":{"footnotes":""},"categories":[53],"tags":[],"class_list":["post-25080","post","type-post","status-publish","format-standard","has-post-thumbnail","hentry","category-noticias-generales"],"lang":"es","translations":{"es":25080},"pll_sync_post":[],"post_mailing_queue_ids":[],"_links":{"self":[{"href":"http:\/\/staging.ibermusicas.org\/index.php\/wp-json\/wp\/v2\/posts\/25080","targetHints":{"allow":["GET"]}}],"collection":[{"href":"http:\/\/staging.ibermusicas.org\/index.php\/wp-json\/wp\/v2\/posts"}],"about":[{"href":"http:\/\/staging.ibermusicas.org\/index.php\/wp-json\/wp\/v2\/types\/post"}],"author":[{"embeddable":true,"href":"http:\/\/staging.ibermusicas.org\/index.php\/wp-json\/wp\/v2\/users\/7"}],"replies":[{"embeddable":true,"href":"http:\/\/staging.ibermusicas.org\/index.php\/wp-json\/wp\/v2\/comments?post=25080"}],"version-history":[{"count":1,"href":"http:\/\/staging.ibermusicas.org\/index.php\/wp-json\/wp\/v2\/posts\/25080\/revisions"}],"predecessor-version":[{"id":25082,"href":"http:\/\/staging.ibermusicas.org\/index.php\/wp-json\/wp\/v2\/posts\/25080\/revisions\/25082"}],"wp:featuredmedia":[{"embeddable":true,"href":"http:\/\/staging.ibermusicas.org\/index.php\/wp-json\/wp\/v2\/media\/25081"}],"wp:attachment":[{"href":"http:\/\/staging.ibermusicas.org\/index.php\/wp-json\/wp\/v2\/media?parent=25080"}],"wp:term":[{"taxonomy":"category","embeddable":true,"href":"http:\/\/staging.ibermusicas.org\/index.php\/wp-json\/wp\/v2\/categories?post=25080"},{"taxonomy":"post_tag","embeddable":true,"href":"http:\/\/staging.ibermusicas.org\/index.php\/wp-json\/wp\/v2\/tags?post=25080"}],"curies":[{"name":"wp","href":"https:\/\/api.w.org\/{rel}","templated":true}]}}