{"id":25083,"date":"2025-06-27T22:00:10","date_gmt":"2025-06-27T22:00:10","guid":{"rendered":"http:\/\/staging.ibermusicas.org\/?p=25083"},"modified":"2025-07-16T22:00:28","modified_gmt":"2025-07-16T22:00:28","slug":"chega-a-edicao-2025-do-festival-internacional-de-samba-de-coburg-alemanha","status":"publish","type":"post","link":"http:\/\/staging.ibermusicas.org\/index.php\/chega-a-edicao-2025-do-festival-internacional-de-samba-de-coburg-alemanha\/","title":{"rendered":"Chega a edi\u00e7\u00e3o 2025 do Festival Internacional de Samba de Coburg, Alemanha"},"content":{"rendered":"\n<p>Todos os anos, durante o segundo fim de semana de julho, o Festival Internacional de Samba de Coburg atrai cerca de 200.000 visitantes \u00e0 pitoresca cidade de Baviera, Alemanha, situada \u00e0s margens do rio Itz. O que come\u00e7ou com alguns milhares de visitantes \u00e9 hoje o maior festival de samba fora do Brasil. Nascido de uma ideia maluca dos organizadores Rolf Beyersdorf e Christof Pilarzyk h\u00e1 20 anos, tornou-se um festival com cerca de 3.000 sambistas e j\u00e1 \u00e9 conhecido muito al\u00e9m das fronteiras da Alemanha.<\/p>\n\n\n\n<p>A \u201cCoburg Cabana\u201d \u00e9 uma mistura de samba de rua e grandes palcos, de apresenta\u00e7\u00f5es de percuss\u00e3o e dan\u00e7a, de eventos internos e ao ar livre, de workshops e concursos, de tradi\u00e7\u00e3o e mudan\u00e7a. Al\u00e9m de in\u00fameras estrelas e convidados de honra do Brasil e da Alemanha, o Festival de Samba \u00e9 acima de tudo um ponto de encontro para escolas e blocos de samba europeus que defendem a alegria de viver, a toler\u00e2ncia, a paz e a diversidade musical e cultural.<\/p>\n\n\n\n<p>O Festival Internacional de Samba de Coburg recebeu o Pr\u00eamio Especial Brasil &#8211; Iberm\u00fasicas &#8211; 2024, atrav\u00e9s do qual a Funda\u00e7\u00e3o Nacional das Artes do Brasil (FUNARTE) premia iniciativas que divulgam a m\u00fasica brasileira fora do territ\u00f3rio nacional e em qualquer parte do mundo.<\/p>\n\n\n\n<ul class=\"wp-block-list\">\n<li>De 11 a 13 de julho em todo o centro da cidade, Coburgo, Baviera, Alemanha<\/li>\n<\/ul>\n","protected":false},"excerpt":{"rendered":"<p>Todos os anos, durante o segundo fim de semana de julho, o Festival Internacional de Samba de Coburg atrai cerca de 200.000 visitantes \u00e0 pitoresca cidade de Baviera, Alemanha, situada \u00e0s margens do rio Itz. O que come\u00e7ou com alguns milhares de visitantes \u00e9 hoje o maior festival de samba fora do Brasil. Nascido de [&hellip;]<\/p>\n","protected":false},"author":7,"featured_media":25081,"comment_status":"closed","ping_status":"closed","sticky":false,"template":"","format":"standard","meta":{"footnotes":""},"categories":[218],"tags":[],"class_list":["post-25083","post","type-post","status-publish","format-standard","has-post-thumbnail","hentry","category-noticias-generales-pt"],"lang":"pt","translations":{"pt":25083},"pll_sync_post":[],"post_mailing_queue_ids":[],"_links":{"self":[{"href":"http:\/\/staging.ibermusicas.org\/index.php\/wp-json\/wp\/v2\/posts\/25083","targetHints":{"allow":["GET"]}}],"collection":[{"href":"http:\/\/staging.ibermusicas.org\/index.php\/wp-json\/wp\/v2\/posts"}],"about":[{"href":"http:\/\/staging.ibermusicas.org\/index.php\/wp-json\/wp\/v2\/types\/post"}],"author":[{"embeddable":true,"href":"http:\/\/staging.ibermusicas.org\/index.php\/wp-json\/wp\/v2\/users\/7"}],"replies":[{"embeddable":true,"href":"http:\/\/staging.ibermusicas.org\/index.php\/wp-json\/wp\/v2\/comments?post=25083"}],"version-history":[{"count":1,"href":"http:\/\/staging.ibermusicas.org\/index.php\/wp-json\/wp\/v2\/posts\/25083\/revisions"}],"predecessor-version":[{"id":25084,"href":"http:\/\/staging.ibermusicas.org\/index.php\/wp-json\/wp\/v2\/posts\/25083\/revisions\/25084"}],"wp:featuredmedia":[{"embeddable":true,"href":"http:\/\/staging.ibermusicas.org\/index.php\/wp-json\/wp\/v2\/media\/25081"}],"wp:attachment":[{"href":"http:\/\/staging.ibermusicas.org\/index.php\/wp-json\/wp\/v2\/media?parent=25083"}],"wp:term":[{"taxonomy":"category","embeddable":true,"href":"http:\/\/staging.ibermusicas.org\/index.php\/wp-json\/wp\/v2\/categories?post=25083"},{"taxonomy":"post_tag","embeddable":true,"href":"http:\/\/staging.ibermusicas.org\/index.php\/wp-json\/wp\/v2\/tags?post=25083"}],"curies":[{"name":"wp","href":"https:\/\/api.w.org\/{rel}","templated":true}]}}