{"id":25085,"date":"2025-06-27T22:01:36","date_gmt":"2025-06-27T22:01:36","guid":{"rendered":"http:\/\/staging.ibermusicas.org\/?p=25085"},"modified":"2025-07-16T22:02:01","modified_gmt":"2025-07-16T22:02:01","slug":"la-agrupacion-portuguesa-farra-fanfarra-actuara-en-el-manciano-street-music-festival-2025-de-italia","status":"publish","type":"post","link":"http:\/\/staging.ibermusicas.org\/index.php\/la-agrupacion-portuguesa-farra-fanfarra-actuara-en-el-manciano-street-music-festival-2025-de-italia\/","title":{"rendered":"La agrupaci\u00f3n portuguesa Farra Fanfarra actuar\u00e1 en el Manciano Street Music Festival 2025 de Italia"},"content":{"rendered":"\n<p>La banda de m\u00fasica portuguesa Farra Fanfarra participar\u00e1 en la edici\u00f3n de 2025 del Manciano Street Music Festival, que se celebra durante tres d\u00edas, en julio, en Italia, en la regi\u00f3n de la Toscana, provincia de Grosseto, en la ciudad de Manciano.<\/p>\n\n\n\n<p>Actuar en este festival, tan en sinton\u00eda con la propia ideolog\u00eda musical de Farra Fanfarra, permite a la banda enriquecer su trayectoria art\u00edstica a nivel internacional, ya que es uno de los m\u00e1ximos exponentes de la celebraci\u00f3n de la m\u00fasica callejera, en un intenso contacto entre bandas de diversos or\u00edgenes y g\u00e9neros y el p\u00fablico.<\/p>\n\n\n\n<p>El Manciano Street Music Festival cuenta ya con catorce a\u00f1os de existencia y ha acogido a cerca de 70 bandas procedentes de Italia y de todo el mundo. El MSMF promueve la m\u00fasica en directo, centr\u00e1ndose en la expresi\u00f3n hist\u00f3rica de la m\u00fasica callejera como punto de encuentro directo, sin barreras entre los m\u00fasicos y el p\u00fablico. El objetivo principal de este festival internacional es acercar la m\u00fasica a todos los p\u00fablicos, con especial atenci\u00f3n a los j\u00f3venes, y convertir la ciudad de Manciano, en la Maremma toscana, en un lugar de intercambio de culturas, sonidos y formas de hacer m\u00fasica.<\/p>\n\n\n\n<p>Instrumentos de viento, percusi\u00f3n y una maestra de ceremonias en una locura sin fronteras. M\u00fasica, humor y circo en una mezcla explosiva para momentos llenos de ritmo y diversi\u00f3n. Todo esto es Farra Fanfarra, que en 2025 celebra 19 a\u00f1os de actividad.<\/p>\n\n\n\n<p>Originario de Sintra, este grupo est\u00e1 compuesto por m\u00fasicos de los cuatro rincones del mundo. Es un colectivo en constante crecimiento al que ya pertenecen unos 50 m\u00fasicos y animadores, de m\u00e1s de 10 nacionalidades diferentes, comprometidos con difundir la euforia de la m\u00fasica ac\u00fastica en todos los contextos y situaciones inimaginables.<\/p>\n\n\n\n<p>Farra Fanfarra es especialista en la euforia colectiva y en transmitir ritmos contagiosos y energ\u00edas positivas. La m\u00fasica invita a bailar con ritmos de ska, m\u00fasica balc\u00e1nica, swing y m\u00fasica revolucionaria italiana.<\/p>\n\n\n\n<p>Esta gira de Farra Fanfarra cuenta con el apoyo del Programa Iberm\u00fasicas a trav\u00e9s de la convocatoria \u00abAyuda a la circulaci\u00f3n de profesionales de la m\u00fasica\u00bb, convocatoria 2024.<\/p>\n\n\n\n<ul class=\"wp-block-list\">\n<li>Del 11 al 13 de julio en Manciano, Regi\u00f3n Toscana. Italia<\/li>\n<\/ul>\n","protected":false},"excerpt":{"rendered":"<p>La banda de m\u00fasica portuguesa Farra Fanfarra participar\u00e1 en la edici\u00f3n de 2025 del Manciano Street Music Festival, que se celebra durante tres d\u00edas, en julio, en Italia, en la regi\u00f3n de la Toscana, provincia de Grosseto, en la ciudad de Manciano. Actuar en este festival, tan en sinton\u00eda con la propia ideolog\u00eda musical de [&hellip;]<\/p>\n","protected":false},"author":7,"featured_media":25086,"comment_status":"closed","ping_status":"closed","sticky":false,"template":"","format":"standard","meta":{"footnotes":""},"categories":[53,48,1],"tags":[],"class_list":["post-25085","post","type-post","status-publish","format-standard","has-post-thumbnail","hentry","category-noticias-generales","category-noticias-rotativas","category-uncategorized"],"lang":"es","translations":{"es":25085},"pll_sync_post":[],"post_mailing_queue_ids":[],"_links":{"self":[{"href":"http:\/\/staging.ibermusicas.org\/index.php\/wp-json\/wp\/v2\/posts\/25085","targetHints":{"allow":["GET"]}}],"collection":[{"href":"http:\/\/staging.ibermusicas.org\/index.php\/wp-json\/wp\/v2\/posts"}],"about":[{"href":"http:\/\/staging.ibermusicas.org\/index.php\/wp-json\/wp\/v2\/types\/post"}],"author":[{"embeddable":true,"href":"http:\/\/staging.ibermusicas.org\/index.php\/wp-json\/wp\/v2\/users\/7"}],"replies":[{"embeddable":true,"href":"http:\/\/staging.ibermusicas.org\/index.php\/wp-json\/wp\/v2\/comments?post=25085"}],"version-history":[{"count":1,"href":"http:\/\/staging.ibermusicas.org\/index.php\/wp-json\/wp\/v2\/posts\/25085\/revisions"}],"predecessor-version":[{"id":25087,"href":"http:\/\/staging.ibermusicas.org\/index.php\/wp-json\/wp\/v2\/posts\/25085\/revisions\/25087"}],"wp:featuredmedia":[{"embeddable":true,"href":"http:\/\/staging.ibermusicas.org\/index.php\/wp-json\/wp\/v2\/media\/25086"}],"wp:attachment":[{"href":"http:\/\/staging.ibermusicas.org\/index.php\/wp-json\/wp\/v2\/media?parent=25085"}],"wp:term":[{"taxonomy":"category","embeddable":true,"href":"http:\/\/staging.ibermusicas.org\/index.php\/wp-json\/wp\/v2\/categories?post=25085"},{"taxonomy":"post_tag","embeddable":true,"href":"http:\/\/staging.ibermusicas.org\/index.php\/wp-json\/wp\/v2\/tags?post=25085"}],"curies":[{"name":"wp","href":"https:\/\/api.w.org\/{rel}","templated":true}]}}