{"id":25088,"date":"2025-06-27T22:02:51","date_gmt":"2025-06-27T22:02:51","guid":{"rendered":"http:\/\/staging.ibermusicas.org\/?p=25088"},"modified":"2025-07-16T22:03:16","modified_gmt":"2025-07-16T22:03:16","slug":"a-agrupacao-portuguesa-farra-fanfarra-se-apresentara-no-manciano-street-music-festival-2025-da-italia","status":"publish","type":"post","link":"http:\/\/staging.ibermusicas.org\/index.php\/a-agrupacao-portuguesa-farra-fanfarra-se-apresentara-no-manciano-street-music-festival-2025-da-italia\/","title":{"rendered":"A agrupa\u00e7\u00e3o portuguesa Farra Fanfarra se apresentar\u00e1 no Manciano Street Music Festival 2025 da It\u00e1lia"},"content":{"rendered":"\n<p>A brass band portuguesa Farra Fanfarra vai participar na edi\u00e7\u00e3o de 2025 do Manciano Street Music Festival, que se realiza durante 3 dias, em julho, em It\u00e1lia, na regi\u00e3o da Toscana, prov\u00edncia de Grosseto, na cidade de Manciano.<\/p>\n\n\n\n<p>A atua\u00e7\u00e3o neste festival, t\u00e3o em sintonia com a pr\u00f3pria ideologia musical dos Farra Fanfarra, permite \u00e0 banda enriquecer o seu percurso art\u00edstico a n\u00edvel internacional, visto ser um dos expoentes m\u00e1ximos da celebra\u00e7\u00e3o m\u00fasica de rua, num intenso contacto entre as bandas de v\u00e1rias origens e g\u00e9neros e o p\u00fablico.<\/p>\n\n\n\n<p>O Manciano Street Music Festival conta j\u00e1 com catorze anos de exist\u00eancia e j\u00e1 acolheu cerca de 7 dezenas de bandas oriundas de It\u00e1lia e de todo o mundo. O MSMF promove a m\u00fasica ao vivo, com foco na express\u00e3o hist\u00f3rica da m\u00fasica de rua como um ponto direto de reuni\u00e3o, sem barreiras entre m\u00fasicos e a audi\u00eancia. O objetivo principal deste festival internacional \u00e9 aproximar a m\u00fasica de todos os p\u00fablicos, com particular foco nos jovens, e transformar a cidade de Manciano, na Toscana Maremma, num local de interc\u00e2mbio de culturas, de sons e de formas de fazer m\u00fasica.<\/p>\n\n\n\n<p>Sopros, percuss\u00e3o e uma mestre-de-cerim\u00f3nias numa loucura sem fronteiras. M\u00fasica, humor e circo numa mistura explosiva para momentos cheios de ritmo e divers\u00e3o. Tudo isto \u00e9 Farra Fanfarra, que em 2025 celebra 19 anos de atividade.<\/p>\n\n\n\n<p>Origin\u00e1rio de Sintra, este grupo \u00e9 composto por m\u00fasicos dos quatro cantos do Mundo. \u00c9 um coletivo sempre em crescimento ao qual pertencem j\u00e1 cerca de 50 m\u00fasicos e animadores, de mais de 10 nacionalidades diferentes, empenhados em espalhar a euforia da m\u00fasica ac\u00fastica em todos os contextos e inimagin\u00e1veis situa\u00e7\u00f5es.<\/p>\n\n\n\n<p>Farra Fanfarra \u00e9 especialista na euforia coletiva e na transmiss\u00e3o de ritmos contagiantes e energias positivas. A m\u00fasica convida \u00e0 dan\u00e7a com ritmos de ska, m\u00fasica balc\u00e2nica, swing e m\u00fasica revolucion\u00e1ria italiana.<\/p>\n\n\n\n<p>Esta turn\u00ea de Farra Fanfarra conta com o apoio do Programa Iberm\u00fasicas atrav\u00e9s do \u201cApoio \u00e0 circula\u00e7\u00e3o de profissionais da m\u00fasica\u201d, chamada 2024.<\/p>\n\n\n\n<ul class=\"wp-block-list\">\n<li>De 11 a 13 de julho em Manciano, Regi\u00e3o Toscana. It\u00e1lia<\/li>\n<\/ul>\n","protected":false},"excerpt":{"rendered":"<p>A brass band portuguesa Farra Fanfarra vai participar na edi\u00e7\u00e3o de 2025 do Manciano Street Music Festival, que se realiza durante 3 dias, em julho, em It\u00e1lia, na regi\u00e3o da Toscana, prov\u00edncia de Grosseto, na cidade de Manciano. A atua\u00e7\u00e3o neste festival, t\u00e3o em sintonia com a pr\u00f3pria ideologia musical dos Farra Fanfarra, permite \u00e0 [&hellip;]<\/p>\n","protected":false},"author":7,"featured_media":25086,"comment_status":"closed","ping_status":"closed","sticky":false,"template":"","format":"standard","meta":{"footnotes":""},"categories":[218,222],"tags":[],"class_list":["post-25088","post","type-post","status-publish","format-standard","has-post-thumbnail","hentry","category-noticias-generales-pt","category-noticias-rotativas-pt"],"lang":"pt","translations":{"pt":25088},"pll_sync_post":[],"post_mailing_queue_ids":[],"_links":{"self":[{"href":"http:\/\/staging.ibermusicas.org\/index.php\/wp-json\/wp\/v2\/posts\/25088","targetHints":{"allow":["GET"]}}],"collection":[{"href":"http:\/\/staging.ibermusicas.org\/index.php\/wp-json\/wp\/v2\/posts"}],"about":[{"href":"http:\/\/staging.ibermusicas.org\/index.php\/wp-json\/wp\/v2\/types\/post"}],"author":[{"embeddable":true,"href":"http:\/\/staging.ibermusicas.org\/index.php\/wp-json\/wp\/v2\/users\/7"}],"replies":[{"embeddable":true,"href":"http:\/\/staging.ibermusicas.org\/index.php\/wp-json\/wp\/v2\/comments?post=25088"}],"version-history":[{"count":1,"href":"http:\/\/staging.ibermusicas.org\/index.php\/wp-json\/wp\/v2\/posts\/25088\/revisions"}],"predecessor-version":[{"id":25089,"href":"http:\/\/staging.ibermusicas.org\/index.php\/wp-json\/wp\/v2\/posts\/25088\/revisions\/25089"}],"wp:featuredmedia":[{"embeddable":true,"href":"http:\/\/staging.ibermusicas.org\/index.php\/wp-json\/wp\/v2\/media\/25086"}],"wp:attachment":[{"href":"http:\/\/staging.ibermusicas.org\/index.php\/wp-json\/wp\/v2\/media?parent=25088"}],"wp:term":[{"taxonomy":"category","embeddable":true,"href":"http:\/\/staging.ibermusicas.org\/index.php\/wp-json\/wp\/v2\/categories?post=25088"},{"taxonomy":"post_tag","embeddable":true,"href":"http:\/\/staging.ibermusicas.org\/index.php\/wp-json\/wp\/v2\/tags?post=25088"}],"curies":[{"name":"wp","href":"https:\/\/api.w.org\/{rel}","templated":true}]}}