{"id":25090,"date":"2025-06-27T22:04:31","date_gmt":"2025-06-27T22:04:31","guid":{"rendered":"http:\/\/staging.ibermusicas.org\/?p=25090"},"modified":"2025-07-16T22:05:29","modified_gmt":"2025-07-16T22:05:29","slug":"la-banda-mentados-de-costa-rica-realiza-su-primera-gira-por-mexico","status":"publish","type":"post","link":"http:\/\/staging.ibermusicas.org\/index.php\/la-banda-mentados-de-costa-rica-realiza-su-primera-gira-por-mexico\/","title":{"rendered":"La banda Mentados de Costa Rica realiza su primera gira por M\u00e9xico"},"content":{"rendered":"\n<p>Mentados es una banda de ska, reggae &amp; fusi\u00f3n de Costa Rica que realizar\u00e1 su primera gira por M\u00e9xico. La banda estar\u00e1 visitando tierras Aztecas durante el mes de julio donde la banda realizar\u00e1 diversos conciertos por distintos lugares, como Ciudad de M\u00e9xico, Estado de M\u00e9xico, Jalisco y Guanajuato.<\/p>\n\n\n\n<p>Como parte esencial de esta primera conexi\u00f3n en M\u00e9xico, la banda aprovechar\u00e1 para visitar distintos medios de comunicaci\u00f3n y lugares culturales, con el fin de lograr un intercambio cultural y un mayor impacto en el pa\u00eds.<\/p>\n\n\n\n<p>Esta gira de Mentados es posible gracias al apoyo del Programa Iberm\u00fasicas mediante su l\u00ednea de convocatoria \u201cAyuda a la circulaci\u00f3n de profesionales de la m\u00fasica\u201d del a\u00f1o 2024.<\/p>\n\n\n\n<ul class=\"wp-block-list\">\n<li>12 de julio: Concierto en el Tianguis Cultural del Chopo, Ciudad de M\u00e9xico y Concierto en Cochilocos, Acayuca, Hidalgo<\/li>\n\n\n\n<li>13 de Julio: Concierto en La Diosa del Pulque, Chalco, Estado de M\u00e9xico<\/li>\n\n\n\n<li>14 de julio: Convivencia e intercambio musical con la agrupaci\u00f3n Las Valkirias<\/li>\n\n\n\n<li>15 de julio: Taller educativo en Faro del Oriente, Iztapalapa, Ciudad de M\u00e9xico<\/li>\n\n\n\n<li>16 de julio: Taller educativo en Faro Azcapotzalco, Ciudad de M\u00e9xico y sesi\u00f3n en vivo por FreePeople Media.V<\/li>\n\n\n\n<li>17 de julio: Conferencia de prensa y convivio en el centro \u201cHija de los Apalaches\u201d, Ciudad de M\u00e9xico<\/li>\n\n\n\n<li>18 de julio: Concierto en Cultural Roots en Ciudad de M\u00e9xico<\/li>\n\n\n\n<li>19 de julio: Concierto en Cuernavaca, C.C.O, Morelos<\/li>\n<\/ul>\n","protected":false},"excerpt":{"rendered":"<p>Mentados es una banda de ska, reggae &amp; fusi\u00f3n de Costa Rica que realizar\u00e1 su primera gira por M\u00e9xico. La banda estar\u00e1 visitando tierras Aztecas durante el mes de julio donde la banda realizar\u00e1 diversos conciertos por distintos lugares, como Ciudad de M\u00e9xico, Estado de M\u00e9xico, Jalisco y Guanajuato. Como parte esencial de esta primera [&hellip;]<\/p>\n","protected":false},"author":7,"featured_media":25091,"comment_status":"closed","ping_status":"closed","sticky":false,"template":"","format":"standard","meta":{"footnotes":""},"categories":[53,48],"tags":[],"class_list":["post-25090","post","type-post","status-publish","format-standard","has-post-thumbnail","hentry","category-noticias-generales","category-noticias-rotativas"],"lang":"es","translations":{"es":25090},"pll_sync_post":[],"post_mailing_queue_ids":[],"_links":{"self":[{"href":"http:\/\/staging.ibermusicas.org\/index.php\/wp-json\/wp\/v2\/posts\/25090","targetHints":{"allow":["GET"]}}],"collection":[{"href":"http:\/\/staging.ibermusicas.org\/index.php\/wp-json\/wp\/v2\/posts"}],"about":[{"href":"http:\/\/staging.ibermusicas.org\/index.php\/wp-json\/wp\/v2\/types\/post"}],"author":[{"embeddable":true,"href":"http:\/\/staging.ibermusicas.org\/index.php\/wp-json\/wp\/v2\/users\/7"}],"replies":[{"embeddable":true,"href":"http:\/\/staging.ibermusicas.org\/index.php\/wp-json\/wp\/v2\/comments?post=25090"}],"version-history":[{"count":1,"href":"http:\/\/staging.ibermusicas.org\/index.php\/wp-json\/wp\/v2\/posts\/25090\/revisions"}],"predecessor-version":[{"id":25092,"href":"http:\/\/staging.ibermusicas.org\/index.php\/wp-json\/wp\/v2\/posts\/25090\/revisions\/25092"}],"wp:featuredmedia":[{"embeddable":true,"href":"http:\/\/staging.ibermusicas.org\/index.php\/wp-json\/wp\/v2\/media\/25091"}],"wp:attachment":[{"href":"http:\/\/staging.ibermusicas.org\/index.php\/wp-json\/wp\/v2\/media?parent=25090"}],"wp:term":[{"taxonomy":"category","embeddable":true,"href":"http:\/\/staging.ibermusicas.org\/index.php\/wp-json\/wp\/v2\/categories?post=25090"},{"taxonomy":"post_tag","embeddable":true,"href":"http:\/\/staging.ibermusicas.org\/index.php\/wp-json\/wp\/v2\/tags?post=25090"}],"curies":[{"name":"wp","href":"https:\/\/api.w.org\/{rel}","templated":true}]}}