{"id":25095,"date":"2025-06-27T22:07:59","date_gmt":"2025-06-27T22:07:59","guid":{"rendered":"http:\/\/staging.ibermusicas.org\/?p=25095"},"modified":"2025-07-16T22:08:19","modified_gmt":"2025-07-16T22:08:19","slug":"el-psicotropicos-festival-presenta-sus-dos-nuevas-ediciones-en-amsterdam-y-berlin","status":"publish","type":"post","link":"http:\/\/staging.ibermusicas.org\/index.php\/el-psicotropicos-festival-presenta-sus-dos-nuevas-ediciones-en-amsterdam-y-berlin\/","title":{"rendered":"El Psicotr\u00f3picos Festival presenta sus dos nuevas ediciones en \u00c1msterdam y Berl\u00edn"},"content":{"rendered":"\n<p>El Psicotr\u00f3picos Festival es una plataforma independiente dedicada a la promoci\u00f3n de la m\u00fasica y el arte brasile\u00f1os en Europa, con un enfoque innovador y contempor\u00e1neo. Desde 2014, el festival ha celebrado siete ediciones en ciudades como Berl\u00edn, Madrid y \u00c1msterdam, reuniendo a m\u00e1s de 100 artistas y 4000 personas.<\/p>\n\n\n\n<p>Promoviendo una plataforma para artistas emergentes y reconocidos de la escena musical brasile\u00f1a, el festival tiene como objetivo dar visibilidad a m\u00fasicos que est\u00e1n transformando la escena musical, con un cartel que incluye tanto a grandes nombres como a nuevos talentos. Con una programaci\u00f3n diversa, que combina ritmos tradicionales brasile\u00f1os con experimentaciones electr\u00f3nicas y pop, Psicotr\u00f3picos reafirma a Brasil como epicentro de la innovaci\u00f3n musical, reflejando la complejidad y la pluralidad de su cultura.<\/p>\n\n\n\n<p>Centrado en la diversidad cultural, el evento ofrece m\u00fasica, actuaciones, mesas redondas y debates, destacando a artistas como Liniker, Luedji Luna, Il\u00ea Aiy\u00ea, Felipe Cordeiro, Jaloo, Letrux, T\u00e1ssia Reis y Filipe Catto, adem\u00e1s de otros nombres de la escena brasile\u00f1a en Europa.<\/p>\n\n\n\n<p>Con la diversidad y la accesibilidad como pilares, el festival sigue ofreciendo al p\u00fablico una experiencia \u00fanica y aut\u00e9ntica. Los artistas que participar\u00e1n en la edici\u00f3n de 2025 son: Hermeto Pascoal, Jota.p\u00ea, Letrux, J\u00e9ssica Gaspar, YO\u00d9N, Batekoo, Eric Terena, Malfeitona, Patricktor4, Ramonzin y K&#8217;boko.<\/p>\n\n\n\n<p>El Festival Psicotr\u00f3picos es una de las iniciativas ganadoras del Premio Especial Brasil &#8211; Iberm\u00fasicas &#8211; 2024, a trav\u00e9s del cual la Fundaci\u00f3n Nacional de las Artes de Brasil (FUNARTE) premia iniciativas que difunden la m\u00fasica brasile\u00f1a fuera del territorio nacional y en cualquier parte del mundo.<\/p>\n\n\n\n<ul class=\"wp-block-list\">\n<li>S\u00e1bado, 12 de julio: Melkweg \u2013 Lijnbaansgracht 234A, 1017 PH \u00c1msterdam, Pa\u00edses Bajos<\/li>\n\n\n\n<li>S\u00e1bado, 19 de julio: MAAYA \u2013 Revalerstr. 99, 10245 Berl\u00edn<\/li>\n\n\n\n<li>Domingo, 27 de julio: Neue Nationalgalerie \u2013 Potsdamer Str. 50, 10785 Berl\u00edn<\/li>\n\n\n\n<li>Martes, 29 de julio: Melkweg \u2013 Lijnbaansgracht 234A, 1017 PH \u00c1msterdam, Pa\u00edses Bajos<\/li>\n<\/ul>\n","protected":false},"excerpt":{"rendered":"<p>El Psicotr\u00f3picos Festival es una plataforma independiente dedicada a la promoci\u00f3n de la m\u00fasica y el arte brasile\u00f1os en Europa, con un enfoque innovador y contempor\u00e1neo. Desde 2014, el festival ha celebrado siete ediciones en ciudades como Berl\u00edn, Madrid y \u00c1msterdam, reuniendo a m\u00e1s de 100 artistas y 4000 personas. Promoviendo una plataforma para artistas [&hellip;]<\/p>\n","protected":false},"author":7,"featured_media":25096,"comment_status":"closed","ping_status":"closed","sticky":false,"template":"","format":"standard","meta":{"footnotes":""},"categories":[53],"tags":[],"class_list":["post-25095","post","type-post","status-publish","format-standard","has-post-thumbnail","hentry","category-noticias-generales"],"lang":"es","translations":{"es":25095},"pll_sync_post":[],"post_mailing_queue_ids":[],"_links":{"self":[{"href":"http:\/\/staging.ibermusicas.org\/index.php\/wp-json\/wp\/v2\/posts\/25095","targetHints":{"allow":["GET"]}}],"collection":[{"href":"http:\/\/staging.ibermusicas.org\/index.php\/wp-json\/wp\/v2\/posts"}],"about":[{"href":"http:\/\/staging.ibermusicas.org\/index.php\/wp-json\/wp\/v2\/types\/post"}],"author":[{"embeddable":true,"href":"http:\/\/staging.ibermusicas.org\/index.php\/wp-json\/wp\/v2\/users\/7"}],"replies":[{"embeddable":true,"href":"http:\/\/staging.ibermusicas.org\/index.php\/wp-json\/wp\/v2\/comments?post=25095"}],"version-history":[{"count":1,"href":"http:\/\/staging.ibermusicas.org\/index.php\/wp-json\/wp\/v2\/posts\/25095\/revisions"}],"predecessor-version":[{"id":25097,"href":"http:\/\/staging.ibermusicas.org\/index.php\/wp-json\/wp\/v2\/posts\/25095\/revisions\/25097"}],"wp:featuredmedia":[{"embeddable":true,"href":"http:\/\/staging.ibermusicas.org\/index.php\/wp-json\/wp\/v2\/media\/25096"}],"wp:attachment":[{"href":"http:\/\/staging.ibermusicas.org\/index.php\/wp-json\/wp\/v2\/media?parent=25095"}],"wp:term":[{"taxonomy":"category","embeddable":true,"href":"http:\/\/staging.ibermusicas.org\/index.php\/wp-json\/wp\/v2\/categories?post=25095"},{"taxonomy":"post_tag","embeddable":true,"href":"http:\/\/staging.ibermusicas.org\/index.php\/wp-json\/wp\/v2\/tags?post=25095"}],"curies":[{"name":"wp","href":"https:\/\/api.w.org\/{rel}","templated":true}]}}