{"id":25098,"date":"2025-06-27T22:08:24","date_gmt":"2025-06-27T22:08:24","guid":{"rendered":"http:\/\/staging.ibermusicas.org\/?p=25098"},"modified":"2025-07-16T22:10:08","modified_gmt":"2025-07-16T22:10:08","slug":"o-psicotropicos-festival-apresenta-suas-duas-novas-edicoes-em-amsterdam-e-berlim","status":"publish","type":"post","link":"http:\/\/staging.ibermusicas.org\/index.php\/o-psicotropicos-festival-apresenta-suas-duas-novas-edicoes-em-amsterdam-e-berlim\/","title":{"rendered":"O Psicotr\u00f3picos Festival apresenta suas duas novas edi\u00e7\u00f5es em Amsterdam e Berlim"},"content":{"rendered":"\n<p>O Psicotr\u00f3picos Festival \u00e9 uma plataforma independente dedicada \u00e0 promo\u00e7\u00e3o da m\u00fasica e arte brasileira na Europa, com uma abordagem inovadora e contempor\u00e2nea. Desde 2014, o festival j\u00e1 realizou 7 edi\u00e7\u00f5es em cidades como Berlim, Madri e Amsterd\u00e3, reunindo mais de 100 artistas e 4.000 pessoas.<\/p>\n\n\n\n<p>Promovendo uma plataforma para artistas emergentes e renomados da cena musical brasileira, o festival tem como objetivo dar visibilidade a m\u00fasicos que est\u00e3o transformando a cena musical, com um line-up que inclui tanto grandes nomes quanto novos talentos. Com uma programa\u00e7\u00e3o diversificada, que combina ritmos tradicionais brasileiros com experimenta\u00e7\u00f5es eletr\u00f4nicas e pop, o Psicotr\u00f3picos reafirma o Brasil como um epicentro de inova\u00e7\u00e3o musical, refletindo a complexidade e a pluralidade de sua cultura.<\/p>\n\n\n\n<p>Focado na diversidade cultural, o evento oferece m\u00fasica, performances, pain\u00e9is e debates, destacando artistas como Liniker, Luedji Luna, Il\u00ea Aiy\u00ea, Felipe Cordeiro, Jaloo, Letrux, T\u00e1ssia Reis e Filipe Catto, al\u00e9m de outros nomes da cena brasileira na Europa.<\/p>\n\n\n\n<p>Com pilares de diversidade e acessibilidade, o festival continua oferecendo ao p\u00fablico uma experi\u00eancia \u00fanica e aut\u00eantica. Os artistas que participar\u00e3o da edi\u00e7\u00e3o de 2025 s\u00e3o: Hermeto Pascoal, Jota.p\u00ea, Letrux, J\u00e9ssica Gaspar, YO\u00d9N, Batekoo, Eric Terena, Malfeitona, Patricktor4, Ramonzin e K&#8217;boko.<\/p>\n\n\n\n<p>O Psicotr\u00f3picos Festival \u00e9 uma das iniciativas vencedoras do Pr\u00eamio Especial Brasil &#8211; Iberm\u00fasicas &#8211; 2024, atrav\u00e9s do qual a Funda\u00e7\u00e3o Nacional das Artes do Brasil (FUNARTE) premia iniciativas que divulgam a m\u00fasica brasileira fora do territ\u00f3rio nacional e em qualquer parte do mundo.<\/p>\n\n\n\n<ul class=\"wp-block-list\">\n<li>S\u00e1bado, 12 de julho: Melkweg \u2013 Lijnbaansgracht 234A, 1017 PH Amsterdam, Netherlands<\/li>\n\n\n\n<li>S\u00e1bado, 19 de julho: MAAYA \u2013 Revalerstr. 99, 10245 Berlin<\/li>\n\n\n\n<li>Domingo, 27 de julho: Neue Nationalgalerie \u2013 Potsdamer Str. 50, 10785 Berlin<\/li>\n\n\n\n<li>Ter\u00e7a-feira, 29 de julho: Melkweg \u2013 Lijnbaansgracht 234A, 1017 PH Amsterdam, Netherlands<\/li>\n<\/ul>\n","protected":false},"excerpt":{"rendered":"<p>O Psicotr\u00f3picos Festival \u00e9 uma plataforma independente dedicada \u00e0 promo\u00e7\u00e3o da m\u00fasica e arte brasileira na Europa, com uma abordagem inovadora e contempor\u00e2nea. Desde 2014, o festival j\u00e1 realizou 7 edi\u00e7\u00f5es em cidades como Berlim, Madri e Amsterd\u00e3, reunindo mais de 100 artistas e 4.000 pessoas. Promovendo uma plataforma para artistas emergentes e renomados da [&hellip;]<\/p>\n","protected":false},"author":7,"featured_media":25096,"comment_status":"closed","ping_status":"closed","sticky":false,"template":"","format":"standard","meta":{"footnotes":""},"categories":[218],"tags":[],"class_list":["post-25098","post","type-post","status-publish","format-standard","has-post-thumbnail","hentry","category-noticias-generales-pt"],"lang":"pt","translations":{"pt":25098},"pll_sync_post":[],"post_mailing_queue_ids":[],"_links":{"self":[{"href":"http:\/\/staging.ibermusicas.org\/index.php\/wp-json\/wp\/v2\/posts\/25098","targetHints":{"allow":["GET"]}}],"collection":[{"href":"http:\/\/staging.ibermusicas.org\/index.php\/wp-json\/wp\/v2\/posts"}],"about":[{"href":"http:\/\/staging.ibermusicas.org\/index.php\/wp-json\/wp\/v2\/types\/post"}],"author":[{"embeddable":true,"href":"http:\/\/staging.ibermusicas.org\/index.php\/wp-json\/wp\/v2\/users\/7"}],"replies":[{"embeddable":true,"href":"http:\/\/staging.ibermusicas.org\/index.php\/wp-json\/wp\/v2\/comments?post=25098"}],"version-history":[{"count":2,"href":"http:\/\/staging.ibermusicas.org\/index.php\/wp-json\/wp\/v2\/posts\/25098\/revisions"}],"predecessor-version":[{"id":25100,"href":"http:\/\/staging.ibermusicas.org\/index.php\/wp-json\/wp\/v2\/posts\/25098\/revisions\/25100"}],"wp:featuredmedia":[{"embeddable":true,"href":"http:\/\/staging.ibermusicas.org\/index.php\/wp-json\/wp\/v2\/media\/25096"}],"wp:attachment":[{"href":"http:\/\/staging.ibermusicas.org\/index.php\/wp-json\/wp\/v2\/media?parent=25098"}],"wp:term":[{"taxonomy":"category","embeddable":true,"href":"http:\/\/staging.ibermusicas.org\/index.php\/wp-json\/wp\/v2\/categories?post=25098"},{"taxonomy":"post_tag","embeddable":true,"href":"http:\/\/staging.ibermusicas.org\/index.php\/wp-json\/wp\/v2\/tags?post=25098"}],"curies":[{"name":"wp","href":"https:\/\/api.w.org\/{rel}","templated":true}]}}