{"id":25101,"date":"2025-06-27T22:11:13","date_gmt":"2025-06-27T22:11:13","guid":{"rendered":"http:\/\/staging.ibermusicas.org\/?p=25101"},"modified":"2025-07-16T22:11:50","modified_gmt":"2025-07-16T22:11:50","slug":"el-arpista-peruano-armando-becerra-malaga-se-presentara-en-brasil-en-el-marco-del-harp-rio-festival-2025","status":"publish","type":"post","link":"http:\/\/staging.ibermusicas.org\/index.php\/el-arpista-peruano-armando-becerra-malaga-se-presentara-en-brasil-en-el-marco-del-harp-rio-festival-2025\/","title":{"rendered":"El arpista peruano Armando Becerra M\u00e1laga se presentar\u00e1 en Brasil en el marco del Harp Rio Festival 2025"},"content":{"rendered":"\n<p>Armando Becerra M\u00e1laga es un arpista peruano, nacido en Lima. Es licenciado en Interpretaci\u00f3n de Arpa por el Conservatorio Nacional de M\u00fasica de Per\u00fa donde estudi\u00f3 con la maestra argentina Clelia Mertens. Desde estudiante ha realizado un permanente trabajo de investigaci\u00f3n sobre m\u00fasica de compositores peruanos, difundiendo sus obras en versiones para arpa con pedales.<\/p>\n\n\n\n<p>Ha participado como en el XII Festival Internacional de M\u00fasica Antigua \u00abCamino a las Estancias\u00bb (C\u00f3rdoba, Argentina), \u00abSharq Taronalari\u00bb Festival (Samarkand, Uzbekist\u00e1n) y como solista en el Festival International de Harpe d&#8217;Occitanie (Gignac, Francia) y en el Rio Harp Festival (Rio de Janeiro, Brasil). Actualmente integra el Ensamble Tarwi interpretando obras de compositores&nbsp;peruanos e internacionales.<\/p>\n\n\n\n<ul class=\"wp-block-list\">\n<li>16 de julio, 12h30: Teatro II del Centro Cultural Banco do Brasil, Rua Primeiro de Mar\u00e7o 66, 2\u00ba andar, Rio de Janeiro, Brasil<\/li>\n\n\n\n<li>17 de julio, 12h30: Teatro II del Centro Cultural Banco do Brasil, Rua Primeiro de Mar\u00e7o 66, 2\u00ba andar, Rio de Janeiro, Brasil<\/li>\n<\/ul>\n","protected":false},"excerpt":{"rendered":"<p>Armando Becerra M\u00e1laga es un arpista peruano, nacido en Lima. Es licenciado en Interpretaci\u00f3n de Arpa por el Conservatorio Nacional de M\u00fasica de Per\u00fa donde estudi\u00f3 con la maestra argentina Clelia Mertens. Desde estudiante ha realizado un permanente trabajo de investigaci\u00f3n sobre m\u00fasica de compositores peruanos, difundiendo sus obras en versiones para arpa con pedales. [&hellip;]<\/p>\n","protected":false},"author":7,"featured_media":25102,"comment_status":"closed","ping_status":"closed","sticky":false,"template":"","format":"standard","meta":{"footnotes":""},"categories":[53,48],"tags":[],"class_list":["post-25101","post","type-post","status-publish","format-standard","has-post-thumbnail","hentry","category-noticias-generales","category-noticias-rotativas"],"lang":"es","translations":{"es":25101},"pll_sync_post":[],"post_mailing_queue_ids":[],"_links":{"self":[{"href":"http:\/\/staging.ibermusicas.org\/index.php\/wp-json\/wp\/v2\/posts\/25101","targetHints":{"allow":["GET"]}}],"collection":[{"href":"http:\/\/staging.ibermusicas.org\/index.php\/wp-json\/wp\/v2\/posts"}],"about":[{"href":"http:\/\/staging.ibermusicas.org\/index.php\/wp-json\/wp\/v2\/types\/post"}],"author":[{"embeddable":true,"href":"http:\/\/staging.ibermusicas.org\/index.php\/wp-json\/wp\/v2\/users\/7"}],"replies":[{"embeddable":true,"href":"http:\/\/staging.ibermusicas.org\/index.php\/wp-json\/wp\/v2\/comments?post=25101"}],"version-history":[{"count":1,"href":"http:\/\/staging.ibermusicas.org\/index.php\/wp-json\/wp\/v2\/posts\/25101\/revisions"}],"predecessor-version":[{"id":25103,"href":"http:\/\/staging.ibermusicas.org\/index.php\/wp-json\/wp\/v2\/posts\/25101\/revisions\/25103"}],"wp:featuredmedia":[{"embeddable":true,"href":"http:\/\/staging.ibermusicas.org\/index.php\/wp-json\/wp\/v2\/media\/25102"}],"wp:attachment":[{"href":"http:\/\/staging.ibermusicas.org\/index.php\/wp-json\/wp\/v2\/media?parent=25101"}],"wp:term":[{"taxonomy":"category","embeddable":true,"href":"http:\/\/staging.ibermusicas.org\/index.php\/wp-json\/wp\/v2\/categories?post=25101"},{"taxonomy":"post_tag","embeddable":true,"href":"http:\/\/staging.ibermusicas.org\/index.php\/wp-json\/wp\/v2\/tags?post=25101"}],"curies":[{"name":"wp","href":"https:\/\/api.w.org\/{rel}","templated":true}]}}