{"id":25106,"date":"2025-07-12T22:14:04","date_gmt":"2025-07-12T22:14:04","guid":{"rendered":"http:\/\/staging.ibermusicas.org\/?p=25106"},"modified":"2025-07-16T22:14:32","modified_gmt":"2025-07-16T22:14:32","slug":"ibermusicas-estuvo-presente-en-el-sunfest-festival-de-canada","status":"publish","type":"post","link":"http:\/\/staging.ibermusicas.org\/index.php\/ibermusicas-estuvo-presente-en-el-sunfest-festival-de-canada\/","title":{"rendered":"Iberm\u00fasicas estuvo presente en el Sunfest Festival de Canad\u00e1"},"content":{"rendered":"\n<p>Este a\u00f1o el Programa Iberm\u00fasicas ha sido invitado a participar de la secci\u00f3n Delegates Pro del Sunfest Festival de Canad\u00e1 que se realiza a inicios del mes de julio en el Victoria Park de la Ciudad de London en Ontario, Canad\u00e1.<\/p>\n\n\n\n<p>Esta invitaci\u00f3n ofreci\u00f3 la oportunidad de entrar en contacto con festivales y mercados de todas las regiones del mundo y continuar as\u00ed con nuestra labor de promover acuerdos de colaboraci\u00f3n extra regi\u00f3n.<\/p>\n\n\n\n<p>A la vez, se promocion\u00f3 Iberm\u00fasicas Global, la herramienta que hemos creado para generar encuentros entre artistas, festivales, programadores y agencias de booking a nivel mundial y que ser\u00e1 lanzada pr\u00f3ximamente. Programadores y promotores de festivales de todo el mundo ya han manifestado su inter\u00e9s en formar parte de esta iniciativa.<\/p>\n\n\n\n<p>El Sunfest &#8217;25, en su 31.\u00aa edici\u00f3n cont\u00f3 con la participaci\u00f3n de artistas que hablan del momento actual a trav\u00e9s del ritmo, la resistencia y la alegr\u00eda radical. El festival propone disfrutar de m\u00fasica de todo el mundo, una gastronom\u00eda deliciosa y un alegre esp\u00edritu comunitario que transforma el Victoria Park en una de las celebraciones gratuitas de la cultura global m\u00e1s grandes de Canad\u00e1 con m\u00e1s de 46 conjuntos musicales de m\u00e1s de 22 pa\u00edses en cinco escenarios al aire libre, rodeados de m\u00e1s de 225 expositores de comida y artesan\u00eda.<\/p>\n","protected":false},"excerpt":{"rendered":"<p>Este a\u00f1o el Programa Iberm\u00fasicas ha sido invitado a participar de la secci\u00f3n Delegates Pro del Sunfest Festival de Canad\u00e1 que se realiza a inicios del mes de julio en el Victoria Park de la Ciudad de London en Ontario, Canad\u00e1. Esta invitaci\u00f3n ofreci\u00f3 la oportunidad de entrar en contacto con festivales y mercados de [&hellip;]<\/p>\n","protected":false},"author":7,"featured_media":25059,"comment_status":"closed","ping_status":"closed","sticky":false,"template":"","format":"standard","meta":{"footnotes":""},"categories":[53],"tags":[],"class_list":["post-25106","post","type-post","status-publish","format-standard","has-post-thumbnail","hentry","category-noticias-generales"],"lang":"es","translations":{"es":25106},"pll_sync_post":[],"post_mailing_queue_ids":[],"_links":{"self":[{"href":"http:\/\/staging.ibermusicas.org\/index.php\/wp-json\/wp\/v2\/posts\/25106","targetHints":{"allow":["GET"]}}],"collection":[{"href":"http:\/\/staging.ibermusicas.org\/index.php\/wp-json\/wp\/v2\/posts"}],"about":[{"href":"http:\/\/staging.ibermusicas.org\/index.php\/wp-json\/wp\/v2\/types\/post"}],"author":[{"embeddable":true,"href":"http:\/\/staging.ibermusicas.org\/index.php\/wp-json\/wp\/v2\/users\/7"}],"replies":[{"embeddable":true,"href":"http:\/\/staging.ibermusicas.org\/index.php\/wp-json\/wp\/v2\/comments?post=25106"}],"version-history":[{"count":1,"href":"http:\/\/staging.ibermusicas.org\/index.php\/wp-json\/wp\/v2\/posts\/25106\/revisions"}],"predecessor-version":[{"id":25107,"href":"http:\/\/staging.ibermusicas.org\/index.php\/wp-json\/wp\/v2\/posts\/25106\/revisions\/25107"}],"wp:featuredmedia":[{"embeddable":true,"href":"http:\/\/staging.ibermusicas.org\/index.php\/wp-json\/wp\/v2\/media\/25059"}],"wp:attachment":[{"href":"http:\/\/staging.ibermusicas.org\/index.php\/wp-json\/wp\/v2\/media?parent=25106"}],"wp:term":[{"taxonomy":"category","embeddable":true,"href":"http:\/\/staging.ibermusicas.org\/index.php\/wp-json\/wp\/v2\/categories?post=25106"},{"taxonomy":"post_tag","embeddable":true,"href":"http:\/\/staging.ibermusicas.org\/index.php\/wp-json\/wp\/v2\/tags?post=25106"}],"curies":[{"name":"wp","href":"https:\/\/api.w.org\/{rel}","templated":true}]}}