{"id":25108,"date":"2025-07-12T22:14:59","date_gmt":"2025-07-12T22:14:59","guid":{"rendered":"http:\/\/staging.ibermusicas.org\/?p=25108"},"modified":"2025-07-16T22:15:24","modified_gmt":"2025-07-16T22:15:24","slug":"ibermusicas-esteve-presente-no-sunfest-festival-do-canada","status":"publish","type":"post","link":"http:\/\/staging.ibermusicas.org\/index.php\/ibermusicas-esteve-presente-no-sunfest-festival-do-canada\/","title":{"rendered":"Iberm\u00fasicas esteve presente no Sunfest Festival do Canad\u00e1"},"content":{"rendered":"\n<p>Este ano, o Programa Iberm\u00fasicas foi convidado a participar da se\u00e7\u00e3o Delegates Pro do Sunfest Festival do Canad\u00e1, que acontece no in\u00edcio do m\u00eas de julho no Victoria Park, na cidade de London, Ont\u00e1rio, Canad\u00e1.<\/p>\n\n\n\n<p>Este convite ofereceu a oportunidade de entrar em contato com festivais e mercados de todas as regi\u00f5es do mundo e continuar assim com nosso trabalho de promover acordos de colabora\u00e7\u00e3o extra-regionais.<\/p>\n\n\n\n<p>Ao mesmo tempo, foi promovido o Iberm\u00fasicas Global, a ferramenta que criamos para gerar encontros entre artistas, festivais, programadores e ag\u00eancias de booking em todo o mundo e que ser\u00e1 lan\u00e7ada em breve. Programadores e promotores de festivais de todo o mundo j\u00e1 manifestaram seu interesse em fazer parte desta iniciativa. O Sunfest &#8217;25, em sua 31\u00aa edi\u00e7\u00e3o, contou com a participa\u00e7\u00e3o de artistas que falam do momento atual atrav\u00e9s do ritmo, da resist\u00eancia e da alegria radical.<\/p>\n\n\n\n<p>O festival prop\u00f5e desfrutar de m\u00fasica de todo o mundo, uma gastronomia deliciosa e um alegre esp\u00edrito comunit\u00e1rio que transforma o Victoria Park numa das maiores celebra\u00e7\u00f5es gratuitas da cultura global do Canad\u00e1 com mais de 46 conjuntos musicais de mais de 22 pa\u00edses em cinco palcos ao ar livre, rodeados por mais de 225 expositores de comida e artesanato.<\/p>\n","protected":false},"excerpt":{"rendered":"<p>Este ano, o Programa Iberm\u00fasicas foi convidado a participar da se\u00e7\u00e3o Delegates Pro do Sunfest Festival do Canad\u00e1, que acontece no in\u00edcio do m\u00eas de julho no Victoria Park, na cidade de London, Ont\u00e1rio, Canad\u00e1. Este convite ofereceu a oportunidade de entrar em contato com festivais e mercados de todas as regi\u00f5es do mundo e [&hellip;]<\/p>\n","protected":false},"author":7,"featured_media":25059,"comment_status":"closed","ping_status":"closed","sticky":false,"template":"","format":"standard","meta":{"footnotes":""},"categories":[218],"tags":[],"class_list":["post-25108","post","type-post","status-publish","format-standard","has-post-thumbnail","hentry","category-noticias-generales-pt"],"lang":"pt","translations":{"pt":25108},"pll_sync_post":[],"post_mailing_queue_ids":[],"_links":{"self":[{"href":"http:\/\/staging.ibermusicas.org\/index.php\/wp-json\/wp\/v2\/posts\/25108","targetHints":{"allow":["GET"]}}],"collection":[{"href":"http:\/\/staging.ibermusicas.org\/index.php\/wp-json\/wp\/v2\/posts"}],"about":[{"href":"http:\/\/staging.ibermusicas.org\/index.php\/wp-json\/wp\/v2\/types\/post"}],"author":[{"embeddable":true,"href":"http:\/\/staging.ibermusicas.org\/index.php\/wp-json\/wp\/v2\/users\/7"}],"replies":[{"embeddable":true,"href":"http:\/\/staging.ibermusicas.org\/index.php\/wp-json\/wp\/v2\/comments?post=25108"}],"version-history":[{"count":1,"href":"http:\/\/staging.ibermusicas.org\/index.php\/wp-json\/wp\/v2\/posts\/25108\/revisions"}],"predecessor-version":[{"id":25109,"href":"http:\/\/staging.ibermusicas.org\/index.php\/wp-json\/wp\/v2\/posts\/25108\/revisions\/25109"}],"wp:featuredmedia":[{"embeddable":true,"href":"http:\/\/staging.ibermusicas.org\/index.php\/wp-json\/wp\/v2\/media\/25059"}],"wp:attachment":[{"href":"http:\/\/staging.ibermusicas.org\/index.php\/wp-json\/wp\/v2\/media?parent=25108"}],"wp:term":[{"taxonomy":"category","embeddable":true,"href":"http:\/\/staging.ibermusicas.org\/index.php\/wp-json\/wp\/v2\/categories?post=25108"},{"taxonomy":"post_tag","embeddable":true,"href":"http:\/\/staging.ibermusicas.org\/index.php\/wp-json\/wp\/v2\/tags?post=25108"}],"curies":[{"name":"wp","href":"https:\/\/api.w.org\/{rel}","templated":true}]}}