{"id":25110,"date":"2025-07-12T22:17:24","date_gmt":"2025-07-12T22:17:24","guid":{"rendered":"http:\/\/staging.ibermusicas.org\/?p=25110"},"modified":"2025-07-16T22:17:42","modified_gmt":"2025-07-16T22:17:42","slug":"hoy-recomendamos-la-playlist-creada-por-javier-marin-de-venezuela-para-identidades-sonoras-ii","status":"publish","type":"post","link":"http:\/\/staging.ibermusicas.org\/index.php\/hoy-recomendamos-la-playlist-creada-por-javier-marin-de-venezuela-para-identidades-sonoras-ii\/","title":{"rendered":"Hoy recomendamos la playlist creada por Javier Mar\u00edn de Venezuela para Identidades Sonoras II"},"content":{"rendered":"\n<p>Tenemos el pecho abierto al igual que la vasta costa caribe\u00f1a. Esta es Venezuela para quien se atreve a descubrirla y vivirla, as\u00ed como para aquellos que la llevan en su coraz\u00f3n a otros rincones del mundo. De esta manera nos hicimos y nos seguimos haciendo. En el ir y venir de barcos, lleg\u00f3 el cuatro y con \u00e9l, la llave de todas las m\u00fasicas que habr\u00edan de surgir.<\/p>\n\n\n\n<p>Javier Mar\u00edn es un destacado m\u00fasico venezolano que se distingue como productor discogr\u00e1fico, compositor y arreglista. Especialista en la interpretaci\u00f3n de guitarras latinoamericanas, posee una licenciatura en m\u00fasica por la Universidad Nacional Experimental de las Artes de Venezuela (UNEARTE). Ha sido reconocido con un Grammy Latino por su labor como productor musical y actualmente se desempe\u00f1a como director de AUDIO FILO C.A., una productora comprometida con la promoci\u00f3n y difusi\u00f3n de la rica diversidad de la m\u00fasica tradicional venezolana.<\/p>\n\n\n\n<p>La invitaci\u00f3n consisti\u00f3 en que cada una y cada uno propusiera una lista de 50 canciones de artistas musicales de su propio pa\u00eds en torno al concepto de \u00abFronteras\u00bb,abordando esta noci\u00f3n desde una multiplicidad de perspectivas (fronteras geogr\u00e0ficas, culturales, simb\u00f3licas, delimitaciones posibles o imaginadas o invisibilizadas).<\/p>\n\n\n\n<p>Escuchar en:<\/p>\n\n\n\n<figure class=\"wp-block-embed is-type-rich is-provider-spotify wp-block-embed-spotify wp-embed-aspect-21-9 wp-has-aspect-ratio\"><div class=\"wp-block-embed__wrapper\">\n<iframe title=\"Spotify Embed: IDENTIDADES SONORAS II - Puertas abiertas - Venezuela\" style=\"border-radius: 12px\" width=\"100%\" height=\"352\" frameborder=\"0\" allowfullscreen allow=\"autoplay; clipboard-write; encrypted-media; fullscreen; picture-in-picture\" loading=\"lazy\" src=\"https:\/\/open.spotify.com\/embed\/playlist\/036HAQSQ5YYmGLpFi2d3GZ?si=vyCFJYAIQdWgKI5StZkD-A&#038;nd=1&#038;dlsi=7ab936bd3ae54015&#038;utm_source=oembed\"><\/iframe>\n<\/div><\/figure>\n","protected":false},"excerpt":{"rendered":"<p>Tenemos el pecho abierto al igual que la vasta costa caribe\u00f1a. Esta es Venezuela para quien se atreve a descubrirla y vivirla, as\u00ed como para aquellos que la llevan en su coraz\u00f3n a otros rincones del mundo. De esta manera nos hicimos y nos seguimos haciendo. En el ir y venir de barcos, lleg\u00f3 el [&hellip;]<\/p>\n","protected":false},"author":7,"featured_media":25111,"comment_status":"closed","ping_status":"closed","sticky":false,"template":"","format":"standard","meta":{"footnotes":""},"categories":[53],"tags":[],"class_list":["post-25110","post","type-post","status-publish","format-standard","has-post-thumbnail","hentry","category-noticias-generales"],"lang":"es","translations":{"es":25110},"pll_sync_post":[],"post_mailing_queue_ids":[],"_links":{"self":[{"href":"http:\/\/staging.ibermusicas.org\/index.php\/wp-json\/wp\/v2\/posts\/25110","targetHints":{"allow":["GET"]}}],"collection":[{"href":"http:\/\/staging.ibermusicas.org\/index.php\/wp-json\/wp\/v2\/posts"}],"about":[{"href":"http:\/\/staging.ibermusicas.org\/index.php\/wp-json\/wp\/v2\/types\/post"}],"author":[{"embeddable":true,"href":"http:\/\/staging.ibermusicas.org\/index.php\/wp-json\/wp\/v2\/users\/7"}],"replies":[{"embeddable":true,"href":"http:\/\/staging.ibermusicas.org\/index.php\/wp-json\/wp\/v2\/comments?post=25110"}],"version-history":[{"count":1,"href":"http:\/\/staging.ibermusicas.org\/index.php\/wp-json\/wp\/v2\/posts\/25110\/revisions"}],"predecessor-version":[{"id":25112,"href":"http:\/\/staging.ibermusicas.org\/index.php\/wp-json\/wp\/v2\/posts\/25110\/revisions\/25112"}],"wp:featuredmedia":[{"embeddable":true,"href":"http:\/\/staging.ibermusicas.org\/index.php\/wp-json\/wp\/v2\/media\/25111"}],"wp:attachment":[{"href":"http:\/\/staging.ibermusicas.org\/index.php\/wp-json\/wp\/v2\/media?parent=25110"}],"wp:term":[{"taxonomy":"category","embeddable":true,"href":"http:\/\/staging.ibermusicas.org\/index.php\/wp-json\/wp\/v2\/categories?post=25110"},{"taxonomy":"post_tag","embeddable":true,"href":"http:\/\/staging.ibermusicas.org\/index.php\/wp-json\/wp\/v2\/tags?post=25110"}],"curies":[{"name":"wp","href":"https:\/\/api.w.org\/{rel}","templated":true}]}}