{"id":25113,"date":"2025-07-12T22:18:33","date_gmt":"2025-07-12T22:18:33","guid":{"rendered":"http:\/\/staging.ibermusicas.org\/?p=25113"},"modified":"2025-07-16T22:19:17","modified_gmt":"2025-07-16T22:19:17","slug":"hoje-recomendamos-a-playlist-criada-por-javier-marin-da-venezuela-para-identidades-sonoras-ii","status":"publish","type":"post","link":"http:\/\/staging.ibermusicas.org\/index.php\/hoje-recomendamos-a-playlist-criada-por-javier-marin-da-venezuela-para-identidades-sonoras-ii\/","title":{"rendered":"Hoje recomendamos a playlist criada por Javier Mar\u00edn da Venezuela para Identidades Sonoras II"},"content":{"rendered":"\n<p>Temos o peito aberto como a vasta costa do Caribe. Esta \u00e9 a Venezuela para aqueles que se atrevem a descobri-la e viv\u00ea-la, bem como para aqueles que a levam em seus cora\u00e7\u00f5es para outros cantos do mundo. Foi assim que nos tornamos e continuamos a nos tornar. No vai e vem dos navios, o quatro chegou e, com ele, a chave de toda a m\u00fasica que estava por vir.<\/p>\n\n\n\n<p>Javier Mar\u00edn \u00e9 um m\u00fasico venezuelano de destaque que se distingue como produtor de discos, compositor e arranjador. Especialista em performance de viol\u00e3o latino-americano, \u00e9 formado em m\u00fasica pela Universidad Nacional Experimental de las Artes de Venezuela (UNEARTE). Foi premiado com um Grammy Latino por seu trabalho como produtor musical e atualmente \u00e9 diretor da AUDIO FILO C.A., uma produtora comprometida com a promo\u00e7\u00e3o e a divulga\u00e7\u00e3o da rica diversidade da m\u00fasica tradicional venezuelana.<\/p>\n\n\n\n<p>Para esta segunda edi\u00e7\u00e3o, foram convidadas e convidados m\u00fasicas e m\u00fasicos que receberam pr\u00eamios da Iberm\u00fasicas em edi\u00e7\u00f5es recentes de nossos concursos e linhas de apoio.<\/p>\n\n\n\n<p>O convite consistiu em que cada um propusesse uma lista de 50 can\u00e7\u00f5es de artistas musicais de seu pr\u00f3prio pa\u00eds em torno do conceito de \u201cFronteiras\u201d, abordando essa no\u00e7\u00e3o a partir de uma multiplicidade de perspectivas (fronteiras geogr\u00e1ficas, culturais, simb\u00f3licas, delimita\u00e7\u00f5es poss\u00edveis ou imagin\u00e1rias ou invisibilizadas).<\/p>\n","protected":false},"excerpt":{"rendered":"<p>Temos o peito aberto como a vasta costa do Caribe. Esta \u00e9 a Venezuela para aqueles que se atrevem a descobri-la e viv\u00ea-la, bem como para aqueles que a levam em seus cora\u00e7\u00f5es para outros cantos do mundo. Foi assim que nos tornamos e continuamos a nos tornar. No vai e vem dos navios, o [&hellip;]<\/p>\n","protected":false},"author":7,"featured_media":25111,"comment_status":"closed","ping_status":"closed","sticky":false,"template":"","format":"standard","meta":{"footnotes":""},"categories":[218],"tags":[],"class_list":["post-25113","post","type-post","status-publish","format-standard","has-post-thumbnail","hentry","category-noticias-generales-pt"],"lang":"pt","translations":{"pt":25113},"pll_sync_post":[],"post_mailing_queue_ids":[],"_links":{"self":[{"href":"http:\/\/staging.ibermusicas.org\/index.php\/wp-json\/wp\/v2\/posts\/25113","targetHints":{"allow":["GET"]}}],"collection":[{"href":"http:\/\/staging.ibermusicas.org\/index.php\/wp-json\/wp\/v2\/posts"}],"about":[{"href":"http:\/\/staging.ibermusicas.org\/index.php\/wp-json\/wp\/v2\/types\/post"}],"author":[{"embeddable":true,"href":"http:\/\/staging.ibermusicas.org\/index.php\/wp-json\/wp\/v2\/users\/7"}],"replies":[{"embeddable":true,"href":"http:\/\/staging.ibermusicas.org\/index.php\/wp-json\/wp\/v2\/comments?post=25113"}],"version-history":[{"count":1,"href":"http:\/\/staging.ibermusicas.org\/index.php\/wp-json\/wp\/v2\/posts\/25113\/revisions"}],"predecessor-version":[{"id":25114,"href":"http:\/\/staging.ibermusicas.org\/index.php\/wp-json\/wp\/v2\/posts\/25113\/revisions\/25114"}],"wp:featuredmedia":[{"embeddable":true,"href":"http:\/\/staging.ibermusicas.org\/index.php\/wp-json\/wp\/v2\/media\/25111"}],"wp:attachment":[{"href":"http:\/\/staging.ibermusicas.org\/index.php\/wp-json\/wp\/v2\/media?parent=25113"}],"wp:term":[{"taxonomy":"category","embeddable":true,"href":"http:\/\/staging.ibermusicas.org\/index.php\/wp-json\/wp\/v2\/categories?post=25113"},{"taxonomy":"post_tag","embeddable":true,"href":"http:\/\/staging.ibermusicas.org\/index.php\/wp-json\/wp\/v2\/tags?post=25113"}],"curies":[{"name":"wp","href":"https:\/\/api.w.org\/{rel}","templated":true}]}}