{"id":25121,"date":"2025-07-17T11:48:13","date_gmt":"2025-07-17T11:48:13","guid":{"rendered":"http:\/\/staging.ibermusicas.org\/?p=25121"},"modified":"2025-07-17T14:53:36","modified_gmt":"2025-07-17T14:53:36","slug":"yuly-alexandra-pinzon-casallas-de-colombia-participa-en-la-realizacion-del-festival-yaabilaj-paax-encuentro-peninsular-de-mujeres-en-la-musica-amor-y-valentia-en-jose-maria-morelos","status":"publish","type":"post","link":"http:\/\/staging.ibermusicas.org\/index.php\/yuly-alexandra-pinzon-casallas-de-colombia-participa-en-la-realizacion-del-festival-yaabilaj-paax-encuentro-peninsular-de-mujeres-en-la-musica-amor-y-valentia-en-jose-maria-morelos\/","title":{"rendered":"Yuly Alexandra Pinz\u00f3n Casallas de Colombia participa en la realizaci\u00f3n del festival \u201cYaabilaj Paax, Encuentro Peninsular de Mujeres en la M\u00fasica: Amor y Valent\u00eda\u201d en Jos\u00e9 Mar\u00eda Morelos &#8211; Quintana Roo, M\u00e9xico\u201d"},"content":{"rendered":"\n<p>La licenciada en m\u00fasica, bandolista, docente e investigadora colombiana Yuly Alexandra Pinz\u00f3n Casallas, junto con la licenciatura en Gesti\u00f3n y desarrollo de las artes de la Universidad Intercultural Maya de Quintana Roo, Narrativas desde la Mayanidad y el Ayuntamiento del municipio de Jos\u00e9 Mar\u00eda Morelos participa en la creaci\u00f3n y organizaci\u00f3n del festival Yaabilaj Paax, Encuentro de mujeres en la m\u00fasica tradicional: amor y valent\u00eda, que se llevar\u00e1 a cabo en la comunidad de Jos\u00e9 Mar\u00eda Morelos en Quintana Roo.<\/p>\n\n\n\n<p>El objetivo del encuentro es visibilizar la participaci\u00f3n de las mujeres en la m\u00fasica tradicional, especialmente en el g\u00e9nero de la Jarana, que es de gran importancia en el territorio Maya peninsular y que hasta hace poco tiempo era totalmente dominado por hombres.<\/p>\n\n\n\n<p>Desde hace poco m\u00e1s de una d\u00e9cada, y a partir del amor por la m\u00fasica, las mujeres de las comunidades que cuentan con un fuerte arraigo a las tradiciones y cultura maya han tenido la valent\u00eda de irrumpir y romper creencias y limitantes en estos espacios culturales y musicales, sirviendo como fuente de inspiraci\u00f3n a las nuevas generaciones que como ellas aman hacer m\u00fasica y quieren aportar y dar continuidad a su identidad y tradiciones.<\/p>\n\n\n\n<p>Yuly Alexandra Pinz\u00f3n Casallas es licenciada en m\u00fasica de la Universidad Pedag\u00f3gica Nacional de Colombia, con \u00e9nfasis en m\u00fasica andina colombiana e interpretaci\u00f3n de la Bandola. Docente e Investigadora en el campo de la musicolog\u00eda de g\u00e9nero y feminista y de la m\u00fasica tradicional andina colombiana. Cuenta con tres trabajos discogr\u00e1ficos, \u201cYerbabuena\u201d, CD \u00e1lbum doble con la Orquesta Filarm\u00f3nica de M\u00fasica Colombiana, \u201cBandolerias\u201d, con la Orquesta Colombiana de Bandolas, y \u201cPulsos Vitales &#8211; el sentir de las estudiantinas regionales de Colombia\u201d, en el marco del proyecto Programa Presidencial Sonidos para la Construcci\u00f3n de Paz, iniciativa entre el Ministerio de las Culturas, las Artes y los Saberes y el Ministerio de Educaci\u00f3n de Colombia.<\/p>\n\n\n\n<p>Esta actividad marca el cierre de la Residencia de Yuly Alexandra Pinz\u00f3n Casallas en M\u00e9xico. El proyecto cont\u00f3 con el apoyo de Iberm\u00fasicas a trav\u00e9s de su l\u00ednea de \u201cAyuda a artistas e investigadores para residencias\u201d, convocatoria 2024.<\/p>\n\n\n\n<p>\u25cf 18 de julio, 19h: Concha Ac\u00fastica, Parque Central de Jos\u00e9 Mar\u00eda Morelos<\/p>\n","protected":false},"excerpt":{"rendered":"<p>La licenciada en m\u00fasica, bandolista, docente e investigadora colombiana Yuly Alexandra Pinz\u00f3n Casallas, junto con la licenciatura en Gesti\u00f3n y desarrollo de las artes de la Universidad Intercultural Maya de Quintana Roo, Narrativas desde la Mayanidad y el Ayuntamiento del municipio de Jos\u00e9 Mar\u00eda Morelos participa en la creaci\u00f3n y organizaci\u00f3n del festival Yaabilaj Paax, [&hellip;]<\/p>\n","protected":false},"author":7,"featured_media":25122,"comment_status":"closed","ping_status":"closed","sticky":false,"template":"","format":"standard","meta":{"footnotes":""},"categories":[53,48],"tags":[],"class_list":["post-25121","post","type-post","status-publish","format-standard","has-post-thumbnail","hentry","category-noticias-generales","category-noticias-rotativas"],"lang":"es","translations":{"es":25121},"pll_sync_post":[],"post_mailing_queue_ids":[],"_links":{"self":[{"href":"http:\/\/staging.ibermusicas.org\/index.php\/wp-json\/wp\/v2\/posts\/25121","targetHints":{"allow":["GET"]}}],"collection":[{"href":"http:\/\/staging.ibermusicas.org\/index.php\/wp-json\/wp\/v2\/posts"}],"about":[{"href":"http:\/\/staging.ibermusicas.org\/index.php\/wp-json\/wp\/v2\/types\/post"}],"author":[{"embeddable":true,"href":"http:\/\/staging.ibermusicas.org\/index.php\/wp-json\/wp\/v2\/users\/7"}],"replies":[{"embeddable":true,"href":"http:\/\/staging.ibermusicas.org\/index.php\/wp-json\/wp\/v2\/comments?post=25121"}],"version-history":[{"count":1,"href":"http:\/\/staging.ibermusicas.org\/index.php\/wp-json\/wp\/v2\/posts\/25121\/revisions"}],"predecessor-version":[{"id":25123,"href":"http:\/\/staging.ibermusicas.org\/index.php\/wp-json\/wp\/v2\/posts\/25121\/revisions\/25123"}],"wp:featuredmedia":[{"embeddable":true,"href":"http:\/\/staging.ibermusicas.org\/index.php\/wp-json\/wp\/v2\/media\/25122"}],"wp:attachment":[{"href":"http:\/\/staging.ibermusicas.org\/index.php\/wp-json\/wp\/v2\/media?parent=25121"}],"wp:term":[{"taxonomy":"category","embeddable":true,"href":"http:\/\/staging.ibermusicas.org\/index.php\/wp-json\/wp\/v2\/categories?post=25121"},{"taxonomy":"post_tag","embeddable":true,"href":"http:\/\/staging.ibermusicas.org\/index.php\/wp-json\/wp\/v2\/tags?post=25121"}],"curies":[{"name":"wp","href":"https:\/\/api.w.org\/{rel}","templated":true}]}}