{"id":25126,"date":"2025-07-17T17:03:26","date_gmt":"2025-07-17T17:03:26","guid":{"rendered":"http:\/\/staging.ibermusicas.org\/?p=25126"},"modified":"2025-07-17T17:03:29","modified_gmt":"2025-07-17T17:03:29","slug":"celebrando-la-musica-y-la-cultura-el-festival-mimo-presenta-su-sexta-edicion-portuguesa-en-amarante","status":"publish","type":"post","link":"http:\/\/staging.ibermusicas.org\/index.php\/celebrando-la-musica-y-la-cultura-el-festival-mimo-presenta-su-sexta-edicion-portuguesa-en-amarante\/","title":{"rendered":"Celebrando la m\u00fasica y la cultura, el Festival MIMO! presenta su sexta edici\u00f3n portuguesa en Amarante"},"content":{"rendered":"\n<p>La sexta edici\u00f3n del MIMO en Portugal vuelve a realizarse en la ciudad de Amarante y celebrar\u00e1 la cultura y la m\u00fasica del mundo con una programaci\u00f3n inclusiva, diversa y atrevida, dando a conocer lo mejor de la m\u00fasica actual en Portugal, Brasil y el mundo, entre nombres consagrados y nuevos talentos. El Municipio de Amarante es el principal promotor.<br>Se anticipa as\u00ed otro MIMO de sonidos, est\u00e9ticas y texturas singulares, en el que la m\u00fasica ocupa no solo los escenarios, sino toda la ciudad, con conciertos, conferencias, talleres, exposiciones, cine y actividades paralelas.<\/p>\n\n\n\n<p>El MIMO Festival cuenta con 21 a\u00f1os de historia, con 61 ediciones y realizaciones en m\u00e1s de 14 ciudades de Brasil y Europa, asistido por un p\u00fablico superior a 2 millones de personas \u00e1vidas por escuchar m\u00fasica de diversas partes del planeta. El MIMO ya ha realizado, producido y exhibido 1750 actividades, entre las que se incluyen 600 espect\u00e1culos y conciertos, 500 clases en el Programa Educativo, 400 pel\u00edculas brasile\u00f1as in\u00e9ditas y m\u00e1s de 200 actividades complementarias, como conferencias del Foro de Ideas, el evento literario Chuva de Poesia, exposiciones, seminarios y el Premio MIMO Instrumental.<\/p>\n\n\n\n<p>El festival tiene como principal objetivo promover la libertad art\u00edstica, valorizar la memoria y aportar innovaci\u00f3n sonora, siempre con el fin de ocupar el patrimonio hist\u00f3rico y natural de las ciudades por las que pasa, manteniendo la calidad musical como referencia, adem\u00e1s de promover la democratizaci\u00f3n del acceso, con espect\u00e1culos gratuitos de alta calidad que llevan la cultura a la sociedad sin restricciones.<\/p>\n\n\n\n<p>Los conciertos ocupan plazas, iglesias, museos y mercados hist\u00f3ricos, ofreciendo al p\u00fablico espect\u00e1culos de alta calidad de forma 100 % gratuita. Es uno de los pocos festivales en Brasil, y en el mundo, que ofrece contenidos de excelencia sin cobrar entrada, democratizando el acceso del p\u00fablico y llevando la cultura a la sociedad sin restricciones.<\/p>\n\n\n\n<p>Alrededor de cuatro mil m\u00fasicos han pasado por el festival, en conciertos memorables como Chick Corea, Herbie Hancock, Buena Vista Social Club, Jacob Collier, Philip Glass, Ibrahim Maalouf, Arturo Sandoval, McCoy Tyner, Pat Metheny, Richard Bona, Hermeto Pascoal, Nan\u00e1 Vasconcelos, Lakecia Benjamin, Egberto Gismonti, Maria Jo\u00e3o Pires, Antonio Meneses, Nelson Freire, Pedro Burmester, Chucho Vald\u00e9s, Richard Galliano, Orquesta de C\u00e1mara de Toulouse, Trilok Gurtu, Didier Lockwood, Salif Keita, Gilberto Gil, Amadou &amp; Mariam, Madredeus, Toninho Horta, Elza Soares, Tom Z\u00e9, Ron Carter, Anne Paceo, Emir Kusturica, Oumou Sangar\u00e9, Mario Laginha, Hamilton de Holanda, Yamandu Costa, Marcos Valle, Eumir Deodato, Orquesta Sinf\u00f3nica Petrobras, Orquesta Pr\u00f3-Arte, Orkestra Rumpilezz, Orquesta Sinf\u00f3nica de Recife, y directores como Isaac Karabtchevsky, Silvio Barbato, entre m\u00fasicos de todo el mundo.<\/p>\n\n\n\n<p>M\u00e1s de 30 000 alumnos se han beneficiado del Programa Educativo del festival, con cerca de 600 horas de clase. Por su parte, el Premio MIMO Instrumental, lanzado en 2014 con gran \u00e9xito, ha revelado talentos que hoy son artistas consagrados, como el guitarrista Jo\u00e3o Camarero y los pianistas Amaro Freitas, Hercules Gomes, Salom\u00e3o Soares y Antonio Guerra.<\/p>\n\n\n\n<p>El MIMO es un festival con alma femenina, donde la igualdad de g\u00e9nero est\u00e1 siempre presente, dirigido por Lu Ara\u00fajo, una mujer con una destacada trayectoria en el \u00e1mbito cultural.<\/p>\n\n\n\n<p>La edici\u00f3n portuguesa del Festival MIMO! recibi\u00f3 en 2024 el premio Brasil &#8211; Iberm\u00fasicas, que reconoce las iniciativas musicales que difunden la m\u00fasica brasile\u00f1a en el mundo.<\/p>\n\n\n\n<p>\u25cf Del 18 al 20 de julio en Amarante, Portugal<\/p>\n","protected":false},"excerpt":{"rendered":"<p>La sexta edici\u00f3n del MIMO en Portugal vuelve a realizarse en la ciudad de Amarante y celebrar\u00e1 la cultura y la m\u00fasica del mundo con una programaci\u00f3n inclusiva, diversa y atrevida, dando a conocer lo mejor de la m\u00fasica actual en Portugal, Brasil y el mundo, entre nombres consagrados y nuevos talentos. El Municipio de [&hellip;]<\/p>\n","protected":false},"author":7,"featured_media":25127,"comment_status":"closed","ping_status":"closed","sticky":false,"template":"","format":"standard","meta":{"footnotes":""},"categories":[53,48],"tags":[],"class_list":["post-25126","post","type-post","status-publish","format-standard","has-post-thumbnail","hentry","category-noticias-generales","category-noticias-rotativas"],"lang":"es","translations":{"es":25126},"pll_sync_post":[],"post_mailing_queue_ids":[],"_links":{"self":[{"href":"http:\/\/staging.ibermusicas.org\/index.php\/wp-json\/wp\/v2\/posts\/25126","targetHints":{"allow":["GET"]}}],"collection":[{"href":"http:\/\/staging.ibermusicas.org\/index.php\/wp-json\/wp\/v2\/posts"}],"about":[{"href":"http:\/\/staging.ibermusicas.org\/index.php\/wp-json\/wp\/v2\/types\/post"}],"author":[{"embeddable":true,"href":"http:\/\/staging.ibermusicas.org\/index.php\/wp-json\/wp\/v2\/users\/7"}],"replies":[{"embeddable":true,"href":"http:\/\/staging.ibermusicas.org\/index.php\/wp-json\/wp\/v2\/comments?post=25126"}],"version-history":[{"count":1,"href":"http:\/\/staging.ibermusicas.org\/index.php\/wp-json\/wp\/v2\/posts\/25126\/revisions"}],"predecessor-version":[{"id":25128,"href":"http:\/\/staging.ibermusicas.org\/index.php\/wp-json\/wp\/v2\/posts\/25126\/revisions\/25128"}],"wp:featuredmedia":[{"embeddable":true,"href":"http:\/\/staging.ibermusicas.org\/index.php\/wp-json\/wp\/v2\/media\/25127"}],"wp:attachment":[{"href":"http:\/\/staging.ibermusicas.org\/index.php\/wp-json\/wp\/v2\/media?parent=25126"}],"wp:term":[{"taxonomy":"category","embeddable":true,"href":"http:\/\/staging.ibermusicas.org\/index.php\/wp-json\/wp\/v2\/categories?post=25126"},{"taxonomy":"post_tag","embeddable":true,"href":"http:\/\/staging.ibermusicas.org\/index.php\/wp-json\/wp\/v2\/tags?post=25126"}],"curies":[{"name":"wp","href":"https:\/\/api.w.org\/{rel}","templated":true}]}}